{"id":19161,"date":"2014-04-07T16:55:45","date_gmt":"2014-04-07T21:55:45","guid":{"rendered":"http:\/\/www.ambiente.gob.ec\/?p=19161"},"modified":"2014-04-08T15:24:07","modified_gmt":"2014-04-08T20:24:07","slug":"mae-entrego-certificacion-ambiental-punto-verde-a-corporacion-favorita-por-reduccion-del-4279-de-energia-electrica-generada-en-enermax","status":"publish","type":"post","link":"https:\/\/www.ambienteyenergia.gob.ec\/ambiente\/mae-entrego-certificacion-ambiental-punto-verde-a-corporacion-favorita-por-reduccion-del-4279-de-energia-electrica-generada-en-enermax\/","title":{"rendered":"MAE entreg\u00f3 Certificaci\u00f3n Ambiental &#8216;Punto Verde&#8217; a Corporaci\u00f3n Favorita por reducci\u00f3n del 42,79% de energ\u00eda el\u00e9ctrica"},"content":{"rendered":"<p style=\"text-align: justify;\">Hoy, el Ministerio del Ambiente del Ecuador (MAE) realiz\u00f3 la entrega de la Certificaci\u00f3n Ecuatoriana Ambiental \u201cPunto Verde\u201d a Corporaci\u00f3n Favorita C.A, por su proyecto generaci\u00f3n de energ\u00eda hidroel\u00e9ctrica desde ENERMAX, en el que se redujo el 42,79% de energ\u00eda el\u00e9ctrica consumida del Sistema Nacional Interconectado por generaci\u00f3n hidroel\u00e9ctrica propia, definido como un caso de producci\u00f3n m\u00e1s limpia. La ceremonia oficial se desarroll\u00f3 en las oficinas centrales de la compa\u00f1\u00eda, ubicadas en Amagua\u00f1a, al sur de Quito.<\/p>\n<p style=\"text-align: justify;\">Paula Guerra, Gerente del Programa Nacional de Gesti\u00f3n Integral de Desechos S\u00f3lidos del MAE, en su intervenci\u00f3n y en representaci\u00f3n de la Ministra del Ambiente, Lorena Tapia, asegur\u00f3 que \u00abes\u00a0 muy grato constatar que d\u00eda a d\u00eda el Ecuador se llena de m\u00e1s Puntos Verdes, eso significa que la gesti\u00f3n en favor del ambiente ya no es tarea de unos pocos o \u00fanicamente de la autoridad, sino de todos los sectores de la sociedad\u00bb.<\/p>\n<p style=\"text-align: justify;\">La Certificaci\u00f3n Ambiental Punto Verde empieza con el env\u00edo de una carta de inter\u00e9s y el ingreso de los formatos de inscripci\u00f3n y autoevaluaci\u00f3n que deben cumplir un m\u00ednimo del 80%, lo que demostrar\u00e1 el cumplimiento de las regulaciones ambientales. En este caso, ENERMAX de Corporaci\u00f3n Favorita C.A. obtuvo un puntaje del 98% por parte del ICEA Ecuador el ente certificador acreditado, resultado del cumplimento de los par\u00e1metros establecidos.<\/p>\n<p style=\"text-align: justify;\">El proyecto de producci\u00f3n m\u00e1s limpia de Corporaci\u00f3n Favorita C.A consiste en reducir la energ\u00eda el\u00e9ctrica consumida del Sistema Nacional Interconectado por la Central hidroel\u00e9ctrica Calope de Enermax que posee 16.6 MW de capacidad. A su vez, esta energ\u00eda limpia se entrega al Sistema Nacional Interconectado, y gracias a ello, se pueden abastecer 59 empresas que forman parte de este grupo empresarial.<\/p>\n<p style=\"text-align: justify;\">En ese sentido, Rub\u00e9n Salazar, Gerente Corporativo de Corporaci\u00f3n Favorita, mencion\u00f3 que desde que la empresa se postul\u00f3 para la certificaci\u00f3n ambiental, ha trabajado en la optimizaci\u00f3n de procesos y la implementaci\u00f3n de tecnolog\u00eda amigable con el ambiente.<\/p>\n<p style=\"text-align: justify;\">\u00abLa entrega de un nuevo certificado Punto Verde, siempre ser\u00e1 motivo de celebraci\u00f3n para el MAE porque queremos que m\u00e1s empresas sean responsables y comprometidas con el ambiente y este es un gran ejemplo de una adecuada gesti\u00f3n para\u00a0 el uso de tecnolog\u00edas limpias en su proceso de transformaci\u00f3n productiva\u00bb dijo Guerra, en nombre de la Ministra de Ambiente, Lorena Tapia<\/p>\n","protected":false},"excerpt":{"rendered":"<p class=\"excerpt\">Hoy, el Ministerio del Ambiente del Ecuador (MAE) realiz\u00f3 la entrega de la Certificaci\u00f3n Ecuatoriana Ambiental \u201cPunto Verde\u201d a Corporaci\u00f3n Favorita C.A, por su proyecto generaci\u00f3n de energ\u00eda hidroel\u00e9ctrica desde ENERMAX, en el que se redujo el 42,79% de energ\u00eda el\u00e9ctrica consumida del Sistema Nacional Interconectado por generaci\u00f3n hidroel\u00e9ctrica propia, definido como un caso de producci\u00f3n m\u00e1s limpia. La ceremonia&hellip; <a href=\"https:\/\/www.ambienteyenergia.gob.ec\/ambiente\/mae-entrego-certificacion-ambiental-punto-verde-a-corporacion-favorita-por-reduccion-del-4279-de-energia-electrica-generada-en-enermax\/\">Read more &rarr;<\/a><\/p>\n","protected":false},"author":13,"featured_media":19162,"comment_status":"open","ping_status":"open","sticky":false,"template":"","format":"standard","meta":{"footnotes":""},"categories":[16,4],"tags":[],"class_list":["post-19161","post","type-post","status-publish","format-standard","has-post-thumbnail","hentry","category-comunicamos","category-noticias","xfolkentry"],"_links":{"self":[{"href":"https:\/\/www.ambienteyenergia.gob.ec\/ambiente\/wp-json\/wp\/v2\/posts\/19161","targetHints":{"allow":["GET"]}}],"collection":[{"href":"https:\/\/www.ambienteyenergia.gob.ec\/ambiente\/wp-json\/wp\/v2\/posts"}],"about":[{"href":"https:\/\/www.ambienteyenergia.gob.ec\/ambiente\/wp-json\/wp\/v2\/types\/post"}],"author":[{"embeddable":true,"href":"https:\/\/www.ambienteyenergia.gob.ec\/ambiente\/wp-json\/wp\/v2\/users\/13"}],"replies":[{"embeddable":true,"href":"https:\/\/www.ambienteyenergia.gob.ec\/ambiente\/wp-json\/wp\/v2\/comments?post=19161"}],"version-history":[{"count":0,"href":"https:\/\/www.ambienteyenergia.gob.ec\/ambiente\/wp-json\/wp\/v2\/posts\/19161\/revisions"}],"wp:featuredmedia":[{"embeddable":true,"href":"https:\/\/www.ambienteyenergia.gob.ec\/ambiente\/wp-json\/wp\/v2\/media\/19162"}],"wp:attachment":[{"href":"https:\/\/www.ambienteyenergia.gob.ec\/ambiente\/wp-json\/wp\/v2\/media?parent=19161"}],"wp:term":[{"taxonomy":"category","embeddable":true,"href":"https:\/\/www.ambienteyenergia.gob.ec\/ambiente\/wp-json\/wp\/v2\/categories?post=19161"},{"taxonomy":"post_tag","embeddable":true,"href":"https:\/\/www.ambienteyenergia.gob.ec\/ambiente\/wp-json\/wp\/v2\/tags?post=19161"}],"curies":[{"name":"wp","href":"https:\/\/api.w.org\/{rel}","templated":true}]}}