{"id":19158,"date":"2014-04-07T16:50:03","date_gmt":"2014-04-07T21:50:03","guid":{"rendered":"http:\/\/www.ambiente.gob.ec\/?p=19158"},"modified":"2014-04-07T16:50:03","modified_gmt":"2014-04-07T21:50:03","slug":"capacitacion-de-fortalecimiento-comunitaria","status":"publish","type":"post","link":"https:\/\/www.ambienteyenergia.gob.ec\/ambiente\/capacitacion-de-fortalecimiento-comunitaria\/","title":{"rendered":"Capacitaci\u00f3n de fortalecimiento comunitaria"},"content":{"rendered":"<p>El Ministerio del Ambiental, a trav\u00e9s de la Direcci\u00f3n Provincial del Ambiente de Imbabura, en coordinaci\u00f3n con los T\u00e9cnicos de la Reserva Ecol\u00f3gica Cotacachi Cayapas Zona Alta capacitaron a la comunidad de Iltaqui, de la parroquia El Sagrario, del cant\u00f3n Cotacachi, en los temas de manejo de desechos s\u00f3lidos, instalaci\u00f3n de viveros forestales y manejo de cuencas h\u00eddricas.<\/p>\n<p>Esta actividad fue solicitada por el Presidente de la comunidad, en d\u00edas anteriores, con la finalidad de fortalecer emprendimientos tur\u00edsticos, conservar los ecosistemas y revivir las costumbres ancestrales comunitarias, con una participaci\u00f3n alrededor de 50 comuneros se llev\u00f3 a cabo dicha actividad<\/p>\n","protected":false},"excerpt":{"rendered":"<p class=\"excerpt\">El Ministerio del Ambiental, a trav\u00e9s de la Direcci\u00f3n Provincial del Ambiente de Imbabura, en coordinaci\u00f3n con los T\u00e9cnicos de la Reserva Ecol\u00f3gica Cotacachi Cayapas Zona Alta capacitaron a la comunidad de Iltaqui, de la parroquia El Sagrario, del cant\u00f3n Cotacachi, en los temas de manejo de desechos s\u00f3lidos, instalaci\u00f3n de viveros forestales y manejo de cuencas h\u00eddricas. Esta actividad&hellip; <a href=\"https:\/\/www.ambienteyenergia.gob.ec\/ambiente\/capacitacion-de-fortalecimiento-comunitaria\/\">Read more &rarr;<\/a><\/p>\n","protected":false},"author":13,"featured_media":19159,"comment_status":"open","ping_status":"open","sticky":false,"template":"","format":"standard","meta":{"footnotes":""},"categories":[16,4],"tags":[],"class_list":["post-19158","post","type-post","status-publish","format-standard","has-post-thumbnail","hentry","category-comunicamos","category-noticias","xfolkentry"],"_links":{"self":[{"href":"https:\/\/www.ambienteyenergia.gob.ec\/ambiente\/wp-json\/wp\/v2\/posts\/19158","targetHints":{"allow":["GET"]}}],"collection":[{"href":"https:\/\/www.ambienteyenergia.gob.ec\/ambiente\/wp-json\/wp\/v2\/posts"}],"about":[{"href":"https:\/\/www.ambienteyenergia.gob.ec\/ambiente\/wp-json\/wp\/v2\/types\/post"}],"author":[{"embeddable":true,"href":"https:\/\/www.ambienteyenergia.gob.ec\/ambiente\/wp-json\/wp\/v2\/users\/13"}],"replies":[{"embeddable":true,"href":"https:\/\/www.ambienteyenergia.gob.ec\/ambiente\/wp-json\/wp\/v2\/comments?post=19158"}],"version-history":[{"count":0,"href":"https:\/\/www.ambienteyenergia.gob.ec\/ambiente\/wp-json\/wp\/v2\/posts\/19158\/revisions"}],"wp:featuredmedia":[{"embeddable":true,"href":"https:\/\/www.ambienteyenergia.gob.ec\/ambiente\/wp-json\/wp\/v2\/media\/19159"}],"wp:attachment":[{"href":"https:\/\/www.ambienteyenergia.gob.ec\/ambiente\/wp-json\/wp\/v2\/media?parent=19158"}],"wp:term":[{"taxonomy":"category","embeddable":true,"href":"https:\/\/www.ambienteyenergia.gob.ec\/ambiente\/wp-json\/wp\/v2\/categories?post=19158"},{"taxonomy":"post_tag","embeddable":true,"href":"https:\/\/www.ambienteyenergia.gob.ec\/ambiente\/wp-json\/wp\/v2\/tags?post=19158"}],"curies":[{"name":"wp","href":"https:\/\/api.w.org\/{rel}","templated":true}]}}