{"id":19153,"date":"2014-04-07T14:00:02","date_gmt":"2014-04-07T19:00:02","guid":{"rendered":"http:\/\/www.ambiente.gob.ec\/?p=19153"},"modified":"2014-04-07T15:28:23","modified_gmt":"2014-04-07T20:28:23","slug":"mae-capacita-a-diferentes-instituciones-educativas-sobre-manejo-de-areas-protegidas","status":"publish","type":"post","link":"https:\/\/www.ambienteyenergia.gob.ec\/ambiente\/mae-capacita-a-diferentes-instituciones-educativas-sobre-manejo-de-areas-protegidas\/","title":{"rendered":"MAE capacita a diferentes Instituciones Educativas sobre manejo de \u00e1reas protegidas"},"content":{"rendered":"<p style=\"text-align: justify;\" align=\"JUSTIFY\"><span style=\"color: #333333;\">El Ministerio del Ambiente, a trav\u00e9s de la Direcci\u00f3n Provincial de Ambiente de Imbabura, realiz\u00f3 en conjunto con t\u00e9cnicos de la RECC-ZA del Distrito Cuicocha, una capacitaci\u00f3n, que involucr\u00f3 a los j\u00f3venes de la Brigada Ambiental de la Unidad Educativa Luis Ulpiano de la Torre en actividades diarias que se realizan en favor de la conservaci\u00f3n del \u00e1rea protegida.<\/span><\/p>\n<p style=\"text-align: justify;\" align=\"JUSTIFY\"><span style=\"color: #333333;\">Esta actividad se la realiz\u00f3 en el Jard\u00edn Bot\u00e1nico, Ruta Sagrada y el Sendero Gorky Campuzano, donde se dieron a conocer temas de biodiversidad y \u00e1reas protegidas.<\/span><\/p>\n<p style=\"text-align: justify;\" align=\"JUSTIFY\"><span style=\"color: #333333;\">Se efectuaron diferentes actividades participativas, como tambi\u00e9n se realiz\u00f3 una minga de mantenimiento.<\/span><\/p>\n","protected":false},"excerpt":{"rendered":"<p class=\"excerpt\">El Ministerio del Ambiente, a trav\u00e9s de la Direcci\u00f3n Provincial de Ambiente de Imbabura, realiz\u00f3 en conjunto con t\u00e9cnicos de la RECC-ZA del Distrito Cuicocha, una capacitaci\u00f3n, que involucr\u00f3 a los j\u00f3venes de la Brigada Ambiental de la Unidad Educativa Luis Ulpiano de la Torre en actividades diarias que se realizan en favor de la conservaci\u00f3n del \u00e1rea protegida. Esta&hellip; <a href=\"https:\/\/www.ambienteyenergia.gob.ec\/ambiente\/mae-capacita-a-diferentes-instituciones-educativas-sobre-manejo-de-areas-protegidas\/\">Read more &rarr;<\/a><\/p>\n","protected":false},"author":13,"featured_media":19154,"comment_status":"open","ping_status":"open","sticky":false,"template":"","format":"standard","meta":{"footnotes":""},"categories":[16,4],"tags":[],"class_list":["post-19153","post","type-post","status-publish","format-standard","has-post-thumbnail","hentry","category-comunicamos","category-noticias","xfolkentry"],"_links":{"self":[{"href":"https:\/\/www.ambienteyenergia.gob.ec\/ambiente\/wp-json\/wp\/v2\/posts\/19153","targetHints":{"allow":["GET"]}}],"collection":[{"href":"https:\/\/www.ambienteyenergia.gob.ec\/ambiente\/wp-json\/wp\/v2\/posts"}],"about":[{"href":"https:\/\/www.ambienteyenergia.gob.ec\/ambiente\/wp-json\/wp\/v2\/types\/post"}],"author":[{"embeddable":true,"href":"https:\/\/www.ambienteyenergia.gob.ec\/ambiente\/wp-json\/wp\/v2\/users\/13"}],"replies":[{"embeddable":true,"href":"https:\/\/www.ambienteyenergia.gob.ec\/ambiente\/wp-json\/wp\/v2\/comments?post=19153"}],"version-history":[{"count":0,"href":"https:\/\/www.ambienteyenergia.gob.ec\/ambiente\/wp-json\/wp\/v2\/posts\/19153\/revisions"}],"wp:featuredmedia":[{"embeddable":true,"href":"https:\/\/www.ambienteyenergia.gob.ec\/ambiente\/wp-json\/wp\/v2\/media\/19154"}],"wp:attachment":[{"href":"https:\/\/www.ambienteyenergia.gob.ec\/ambiente\/wp-json\/wp\/v2\/media?parent=19153"}],"wp:term":[{"taxonomy":"category","embeddable":true,"href":"https:\/\/www.ambienteyenergia.gob.ec\/ambiente\/wp-json\/wp\/v2\/categories?post=19153"},{"taxonomy":"post_tag","embeddable":true,"href":"https:\/\/www.ambienteyenergia.gob.ec\/ambiente\/wp-json\/wp\/v2\/tags?post=19153"}],"curies":[{"name":"wp","href":"https:\/\/api.w.org\/{rel}","templated":true}]}}