{"id":19150,"date":"2014-04-07T13:53:38","date_gmt":"2014-04-07T18:53:38","guid":{"rendered":"http:\/\/www.ambiente.gob.ec\/?p=19150"},"modified":"2014-04-07T13:53:38","modified_gmt":"2014-04-07T18:53:38","slug":"14-600-personas-se-benefician-gracias-al-proyecto-de-adaptacion-al-cambio-climatico","status":"publish","type":"post","link":"https:\/\/www.ambienteyenergia.gob.ec\/ambiente\/14-600-personas-se-benefician-gracias-al-proyecto-de-adaptacion-al-cambio-climatico\/","title":{"rendered":"14 600 personas se benefician gracias al Proyecto de Adaptaci\u00f3n al Cambio Clim\u00e1tico"},"content":{"rendered":"<p style=\"text-align: justify;\">El Ministerio del Ambiente, por medio del Proyecto de Adaptaci\u00f3n al Cambio Clim\u00e1tico a trav\u00e9s de una Efectiva Gobernabilidad del Agua (PACC), realiz\u00f3 el \u201cTaller de intercambio de experiencias de rescate y uso de saberes ancestrales en el manejo sostenible del recurso h\u00eddrico\u201d en Papallacta, provincia del Napo. El evento cont\u00f3 con la participaci\u00f3n de Diego Quishpe, Coordinador del Proyecto de Adaptaci\u00f3n al Cambio Clim\u00e1tico; Jorge Nu\u00f1ez, Coordinador del Proyecto PRAA en Ecuador y Francisco Noboa, Francisco Noboa, t\u00e9cnico del proyecto PACC.<\/p>\n<p style=\"text-align: justify;\">En su intervenci\u00f3n Diego Quishpe asegur\u00f3 que su ejecuci\u00f3n benefici\u00f3 aproximadamente a 14 600 personas de varias comunidades de las provincias de Los R\u00edos, Bol\u00edvar, Manab\u00ed, Loja, Azuay, Ca\u00f1ar, El Oro y Morona Santiago.<\/p>\n<p style=\"text-align: justify;\">Muchos de los beneficios recibidos por las comunidades que se encuentran en el \u00e1rea de influencia del proyecto incluyen: capacitaci\u00f3n, implementaci\u00f3n de sistemas de riego, conocimientos de agroecolog\u00eda, entre otros, y parten de la iniciativa de sus pobladores, tomando como principios b\u00e1sicos el rescate de los saberes ancestrales y el conocimiento del entorno local necesarios para la adaptaci\u00f3n al cambio clim\u00e1tico.<\/p>\n<p style=\"text-align: justify;\">Por su parte Jorge N\u00fa\u00f1ez, expuso el alcance del proyecto, el cual durante 5 a\u00f1os y medio trabaj\u00f3 en procesos de implementaci\u00f3n de medidas para la adaptaci\u00f3n al cambio clim\u00e1tico y el retroceso de glaciares, contribuyendo a la comprensi\u00f3n de procesos de restauraci\u00f3n de p\u00e1ramos y conservaci\u00f3n de fuentes de agua en ecosistemas altoandinos (ubicados dentro de las \u00e1reas de intervenci\u00f3n del PRAA en Ecuador), y adem\u00e1s logr\u00f3 establecer planes piloto para el manejo adaptativo y de regulaci\u00f3n de la hidrolog\u00eda.<\/p>\n<p style=\"text-align: justify;\">Adem\u00e1s explic\u00f3 las medidas de adaptaci\u00f3n y mitigaci\u00f3n al cambio clim\u00e1tico frente a la ganader\u00eda convencional, que incluye el dise\u00f1o e implementaci\u00f3n de un proyecto de ganader\u00eda sostenible en la parroquia de Victoria del Portete ubicado en la provincia del Azuay, que ser\u00e1 ejecutado en una tercera fase.<\/p>\n<p style=\"text-align: justify;\">Colaboraron en el taller otras instituciones como la Secretar\u00eda Nacional de Educaci\u00f3n Superior, Ciencia y Tecnolog\u00eda (SENESCYT) con el an\u00e1lisis de conocimientos tradicionales y cambio clim\u00e1tico; Secretar\u00eda Nacional del Agua (SENAGUA) exponiendo los saberes ancestrales y cultura del agua. Otro aporte importante fue el de la ex-viceministra del Ministerio de Ambiente, Mercy Borbor, sobre las medidas de adaptaci\u00f3n en salud humana con la colaboraci\u00f3n de la investigadora extranjera Anna Stewart sobre el clima y salud.<\/p>\n<p style=\"text-align: justify;\">Asistieron al evento directores, delegados y otros funcionarios de organismos gubernamentales, no gubernamentales y habitantes de la comunidad.<\/p>\n<p style=\"text-align: justify;\"><strong>El dato\u00a0<\/strong><\/p>\n<p style=\"text-align: justify;\">El <strong>Proyecto de Adaptaci\u00f3n al Cambio Clim\u00e1tico a trav\u00e9s de una Efectiva Gobernabilidad del Agua (PACC)<\/strong> es liderado por el Ministerio del Ambiente y se ejecuta a trav\u00e9s de la Subsecretar\u00eda de Cambio Clim\u00e1tico.<\/p>\n","protected":false},"excerpt":{"rendered":"<p class=\"excerpt\">El Ministerio del Ambiente, por medio del Proyecto de Adaptaci\u00f3n al Cambio Clim\u00e1tico a trav\u00e9s de una Efectiva Gobernabilidad del Agua (PACC), realiz\u00f3 el \u201cTaller de intercambio de experiencias de rescate y uso de saberes ancestrales en el manejo sostenible del recurso h\u00eddrico\u201d en Papallacta, provincia del Napo. El evento cont\u00f3 con la participaci\u00f3n de Diego Quishpe, Coordinador del Proyecto&hellip; <a href=\"https:\/\/www.ambienteyenergia.gob.ec\/ambiente\/14-600-personas-se-benefician-gracias-al-proyecto-de-adaptacion-al-cambio-climatico\/\">Read more &rarr;<\/a><\/p>\n","protected":false},"author":13,"featured_media":19151,"comment_status":"open","ping_status":"open","sticky":false,"template":"","format":"standard","meta":{"footnotes":""},"categories":[16,4],"tags":[],"class_list":["post-19150","post","type-post","status-publish","format-standard","has-post-thumbnail","hentry","category-comunicamos","category-noticias","xfolkentry"],"_links":{"self":[{"href":"https:\/\/www.ambienteyenergia.gob.ec\/ambiente\/wp-json\/wp\/v2\/posts\/19150","targetHints":{"allow":["GET"]}}],"collection":[{"href":"https:\/\/www.ambienteyenergia.gob.ec\/ambiente\/wp-json\/wp\/v2\/posts"}],"about":[{"href":"https:\/\/www.ambienteyenergia.gob.ec\/ambiente\/wp-json\/wp\/v2\/types\/post"}],"author":[{"embeddable":true,"href":"https:\/\/www.ambienteyenergia.gob.ec\/ambiente\/wp-json\/wp\/v2\/users\/13"}],"replies":[{"embeddable":true,"href":"https:\/\/www.ambienteyenergia.gob.ec\/ambiente\/wp-json\/wp\/v2\/comments?post=19150"}],"version-history":[{"count":0,"href":"https:\/\/www.ambienteyenergia.gob.ec\/ambiente\/wp-json\/wp\/v2\/posts\/19150\/revisions"}],"wp:featuredmedia":[{"embeddable":true,"href":"https:\/\/www.ambienteyenergia.gob.ec\/ambiente\/wp-json\/wp\/v2\/media\/19151"}],"wp:attachment":[{"href":"https:\/\/www.ambienteyenergia.gob.ec\/ambiente\/wp-json\/wp\/v2\/media?parent=19150"}],"wp:term":[{"taxonomy":"category","embeddable":true,"href":"https:\/\/www.ambienteyenergia.gob.ec\/ambiente\/wp-json\/wp\/v2\/categories?post=19150"},{"taxonomy":"post_tag","embeddable":true,"href":"https:\/\/www.ambienteyenergia.gob.ec\/ambiente\/wp-json\/wp\/v2\/tags?post=19150"}],"curies":[{"name":"wp","href":"https:\/\/api.w.org\/{rel}","templated":true}]}}