{"id":19144,"date":"2014-04-07T08:19:03","date_gmt":"2014-04-07T13:19:03","guid":{"rendered":"http:\/\/www.ambiente.gob.ec\/?p=19144"},"modified":"2014-04-07T08:19:03","modified_gmt":"2014-04-07T13:19:03","slug":"mae-realiza-operativos-de-control-de-la-venta-de-palma-de-ramos-en-cotopaxi","status":"publish","type":"post","link":"https:\/\/www.ambienteyenergia.gob.ec\/ambiente\/mae-realiza-operativos-de-control-de-la-venta-de-palma-de-ramos-en-cotopaxi\/","title":{"rendered":"MAE realiza operativos de control de la venta de Palma de Ramos en Cotopaxi"},"content":{"rendered":"<p style=\"text-align: justify;\">El Ministerio del Ambiente como ente rector de todos los recursos ambientales, a trav\u00e9s de la Direcci\u00f3n Provincial del Ambiente Cotopaxi,\u00a0 en coordinaci\u00f3n con la Unidad de\u00a0 Polic\u00eda del Medio Ambiente,\u00a0 realiz\u00f3 un operativo de\u00a0 control de la venta de\u00a0 palma de ramos en la ciudad de Latacunga, en los mercados el Salto y Mayorista, ferias de San Sebasti\u00e1n, San Felipe y Zumbalica.<\/p>\n<p style=\"text-align: justify;\">En este\u00a0 operativo no se\u00a0 encontr\u00f3 a personas\u00a0 transportando,\u00a0 ni\u00a0 comercializando la palma de ramos, sin embargo, se aprovech\u00f3 la oportunidad para resaltar la importancia del compromiso de toda la ciudadan\u00eda con la conservaci\u00f3n de esta especie silvestre que alberga al Loro Orejiamarillo y al Perico Cachetidorado.<\/p>\n<p style=\"text-align: justify;\">En la\u00a0 celebraci\u00f3n cat\u00f3lica del Domingo de Ramos se hace un llamado a la ciudadan\u00eda\u00a0 para la utilizaci\u00f3n de\u00a0 plantas alternativas tales como romero, array\u00e1n, manzanilla, hojas y flores de ma\u00edz, totora, espiga de trigo y cebada, sigse, paja, cipr\u00e9s, laurel, entre otros.<\/p>\n<p style=\"text-align: justify;\">\n<p style=\"text-align: justify;\">\n<p style=\"text-align: justify;\">\n","protected":false},"excerpt":{"rendered":"<p class=\"excerpt\">El Ministerio del Ambiente como ente rector de todos los recursos ambientales, a trav\u00e9s de la Direcci\u00f3n Provincial del Ambiente Cotopaxi,\u00a0 en coordinaci\u00f3n con la Unidad de\u00a0 Polic\u00eda del Medio Ambiente,\u00a0 realiz\u00f3 un operativo de\u00a0 control de la venta de\u00a0 palma de ramos en la ciudad de Latacunga, en los mercados el Salto y Mayorista, ferias de San Sebasti\u00e1n, San&hellip; <a href=\"https:\/\/www.ambienteyenergia.gob.ec\/ambiente\/mae-realiza-operativos-de-control-de-la-venta-de-palma-de-ramos-en-cotopaxi\/\">Read more &rarr;<\/a><\/p>\n","protected":false},"author":13,"featured_media":19145,"comment_status":"open","ping_status":"open","sticky":false,"template":"","format":"standard","meta":{"footnotes":""},"categories":[16,4],"tags":[],"class_list":["post-19144","post","type-post","status-publish","format-standard","has-post-thumbnail","hentry","category-comunicamos","category-noticias","xfolkentry"],"_links":{"self":[{"href":"https:\/\/www.ambienteyenergia.gob.ec\/ambiente\/wp-json\/wp\/v2\/posts\/19144","targetHints":{"allow":["GET"]}}],"collection":[{"href":"https:\/\/www.ambienteyenergia.gob.ec\/ambiente\/wp-json\/wp\/v2\/posts"}],"about":[{"href":"https:\/\/www.ambienteyenergia.gob.ec\/ambiente\/wp-json\/wp\/v2\/types\/post"}],"author":[{"embeddable":true,"href":"https:\/\/www.ambienteyenergia.gob.ec\/ambiente\/wp-json\/wp\/v2\/users\/13"}],"replies":[{"embeddable":true,"href":"https:\/\/www.ambienteyenergia.gob.ec\/ambiente\/wp-json\/wp\/v2\/comments?post=19144"}],"version-history":[{"count":0,"href":"https:\/\/www.ambienteyenergia.gob.ec\/ambiente\/wp-json\/wp\/v2\/posts\/19144\/revisions"}],"wp:featuredmedia":[{"embeddable":true,"href":"https:\/\/www.ambienteyenergia.gob.ec\/ambiente\/wp-json\/wp\/v2\/media\/19145"}],"wp:attachment":[{"href":"https:\/\/www.ambienteyenergia.gob.ec\/ambiente\/wp-json\/wp\/v2\/media?parent=19144"}],"wp:term":[{"taxonomy":"category","embeddable":true,"href":"https:\/\/www.ambienteyenergia.gob.ec\/ambiente\/wp-json\/wp\/v2\/categories?post=19144"},{"taxonomy":"post_tag","embeddable":true,"href":"https:\/\/www.ambienteyenergia.gob.ec\/ambiente\/wp-json\/wp\/v2\/tags?post=19144"}],"curies":[{"name":"wp","href":"https:\/\/api.w.org\/{rel}","templated":true}]}}