{"id":19140,"date":"2014-04-05T18:22:34","date_gmt":"2014-04-05T23:22:34","guid":{"rendered":"http:\/\/www.ambiente.gob.ec\/?p=19140"},"modified":"2014-04-05T18:22:34","modified_gmt":"2014-04-05T23:22:34","slug":"gabinete-itinerante-desde-pajan","status":"publish","type":"post","link":"https:\/\/www.ambienteyenergia.gob.ec\/ambiente\/gabinete-itinerante-desde-pajan\/","title":{"rendered":"Gabinete Itinerante desde Paj\u00e1n"},"content":{"rendered":"<p style=\"text-align: justify;\">El d\u00eda de hoy s\u00e1bado 5 de abril, en el marco del enlace ciudadano Nro. 368 en el cant\u00f3n Paj\u00e1n, provincia de Manab\u00ed, el Ministerio del Ambiente del Ecuador (MAE), representado por la ministra Lorena Tapia particip\u00f3 en las diferentes actividades que se realizaron.<\/p>\n<p style=\"text-align: justify;\"><strong>Gabinete Itinerante<\/strong><\/p>\n<p style=\"text-align: justify;\">La reuni\u00f3n de autoridades, presidida por el Presidente de la Rep\u00fablica, Rafa\u00e9l Correa se desarrollo el d\u00eda de ayer, viernes, desde las 11:00 hasta las 20:30, en el Colegio Nacional T\u00e9cnico Agropecuario de Paj\u00e1n donde la m\u00e1xima autoridad ambiental explic\u00f3 los puntos fundamentales en los que el MAE, como principal gestor ambiental del pa\u00eds, lleva a cabo tanto a nivel local como a nivel nacional.<\/p>\n<p style=\"text-align: justify;\">Los programas m\u00e1s importantes en los que el MAE tiene participaci\u00f3n en Manab\u00ed son:<\/p>\n<ul style=\"text-align: justify;\">\n<li>El Programa Nacional para la Gesti\u00f3n Integral de Desechos S\u00f3lidos (PNGDS) tiene una inversi\u00f3n de 2 115 897,77 USD.\n<ul>\n<li>Dentro de la provincia de Manab\u00ed se ha contribuido al mejor manejo de los residuos s\u00f3lidos a trav\u00e9s de la dotaci\u00f3n de incentivos \u2013 equipos &#8211; tales como plantas clasificadoras, picadoras, y tachos para la disposici\u00f3n de los residuos con una inversi\u00f3n de $ 1 183 434.78 USD.<\/li>\n<li>El PNGDS, se encuentra financiando los Estudios de Dise\u00f1os Definitivos de Cierre T\u00e9cnico de los botaderos y Celdas Emergentes del cant\u00f3n Portoviejo, San Vicente y la parroquia de Crucita, los cuales se encuentran dentro del 2do Grupo de GAD&#8217;s priorizados, con una inversi\u00f3n de $ 932 462.99.00 USD sin IVA.<\/li>\n<li>En la provincia de Manab\u00ed, el 68% de los cantones disponen sus residuos en botaderos (Portoviejo, Chone, El Carmen, Montecristi, Pichincha, Sucre, Pedernales, Puerto L\u00f3pez, Flavio Alfaro, San Vicente, Tosagua, Jun\u00edn, Bol\u00edvar, Paj\u00e1n y Jama), el 18 % en celdas emergentes (Rocafuerte, Mancomunidad 24 de Mayo, Santa Ana y Olmedo) y el 14% en rellenos sanitarios (Jipijapa, Manta y Jaramij\u00f3 que deposita en el relleno de Manta).<\/li>\n<li>El 64% de los cantones que pertenecen a la provincia de Manab\u00ed, est\u00e1n siendo beneficiados por el PNGIDS dentro del primero y segundo grupo de GAD&#8217;s priorizados para el financiamiento de estudios de pre inversi\u00f3n de gesti\u00f3n integral de residuos s\u00f3lidos, cierres t\u00e9cnicos y celdas emergente.<\/li>\n<\/ul>\n<\/li>\n<\/ul>\n<ul style=\"text-align: justify;\">\n<li>Patrimonio Natural<\/li>\n<\/ul>\n<p style=\"text-align: justify;\">\u00c1reas Protegidas: La provincia de Manab\u00ed durante el 2013 ha tenido un total de 198 805 turistas visitando sus \u00c1reas Protegidas, siendo el Parque Nacional Machalilla el \u00e1rea con mayor registros: 182 250.<\/p>\n<p style=\"text-align: justify;\">Biodiversidad: En el 2013 se han recuperado 137 individuos de vida silvestre, se han realizado 28 reinserciones en la Amazon\u00eda y 62 en \u00c1reas Protegidas. En lo que corresponde a contravenciones se detectaron 30 infractores forestales y 24 embarcaciones infractoras en \u00e1rea marina.<\/p>\n<p style=\"text-align: justify;\">Durante este Gabinete, tras una exposici\u00f3n de la ministra Tapia sobre la problem\u00e1tica operativa en las \u00e1reas protegidas, se explicaron las variables que la han ocasionado y que est\u00e1n relacionadas principalmente con el monitoreo y seguimiento a la actividad tur\u00edstica, incremento de la superficie de control y vigilancia de las \u00e1reas. En este sentido el Presidente de la Rep\u00fablica dispuso que se entreguen los recursos necesarios para la contrataci\u00f3n y capacitaci\u00f3n de 335 nuevos guardaparques cerrando de esta manera hist\u00f3ricamente la brecha existente para incrementar y mejorar la gesti\u00f3n integral de nuestras \u00e1reas protegidas.<\/p>\n<p style=\"text-align: justify;\">Una vez finalizado el Gabinete, la Ministra Tapia, junto con las dem\u00e1s autoridades de Gobierno, asistieron a la llamada Noche Cultural en el Coliseo Natahel Mor\u00e1n Cevallos, ubicado en el mismo cant\u00f3n donde compartieron un momento ameno con varias presentaciones art\u00edsticas.<\/p>\n<p style=\"text-align: justify;\"><strong>Gabinete Sectorial \u2013 Dialogo con la comunidad<\/strong><\/p>\n<p style=\"text-align: justify;\">La ministra Tapia al igual que los dem\u00e1s representantes de las entidades p\u00fablicas se hicieron presentes en las mesas sectoriales que se ubicaron en la escuela Mar\u00eda Piedad Castillo de Levi donde atendieron a la comunidad de Paj\u00e1n y sus alrededores de una manera directa. All\u00ed tambi\u00e9n los ciudadanos pueden conocer los ejes, programas y proyectos que la Instituci\u00f3n maneja en pro de un ambiente saludable. Este espacio y la Feria Ciudadana se realizan al mismo tiempo que el Enlace Ciudadano que precedi\u00f3 el Presidente en el Estadio Centro de Educaci\u00f3n B\u00e1sica Manuel Lorenzo Nieto.<\/p>\n<p style=\"text-align: justify;\">Una denuncia presentada por Tony Vega Qui\u00f1onez sobre el cierre t\u00e9cnico de botadero de basura a cielo abierto en Paj\u00e1n. La ministra confirm\u00f3 a los ciudadanos que en mayo esta se har\u00e1 el cierre definitivo tras realizarse la inspecci\u00f3n y seguir el proceso correspondiente. Al finalizar su intervenci\u00f3n el denunciante agradeci\u00f3 la oportunidad de ser escuchado por las m\u00e1ximas autoridades y recibir soluciones.<\/p>\n","protected":false},"excerpt":{"rendered":"<p class=\"excerpt\">El d\u00eda de hoy s\u00e1bado 5 de abril, en el marco del enlace ciudadano Nro. 368 en el cant\u00f3n Paj\u00e1n, provincia de Manab\u00ed, el Ministerio del Ambiente del Ecuador (MAE), representado por la ministra Lorena Tapia particip\u00f3 en las diferentes actividades que se realizaron. Gabinete Itinerante La reuni\u00f3n de autoridades, presidida por el Presidente de la Rep\u00fablica, Rafa\u00e9l Correa se&hellip; <a href=\"https:\/\/www.ambienteyenergia.gob.ec\/ambiente\/gabinete-itinerante-desde-pajan\/\">Read more &rarr;<\/a><\/p>\n","protected":false},"author":13,"featured_media":19142,"comment_status":"open","ping_status":"open","sticky":false,"template":"","format":"standard","meta":{"footnotes":""},"categories":[16,4],"tags":[],"class_list":["post-19140","post","type-post","status-publish","format-standard","has-post-thumbnail","hentry","category-comunicamos","category-noticias","xfolkentry"],"_links":{"self":[{"href":"https:\/\/www.ambienteyenergia.gob.ec\/ambiente\/wp-json\/wp\/v2\/posts\/19140","targetHints":{"allow":["GET"]}}],"collection":[{"href":"https:\/\/www.ambienteyenergia.gob.ec\/ambiente\/wp-json\/wp\/v2\/posts"}],"about":[{"href":"https:\/\/www.ambienteyenergia.gob.ec\/ambiente\/wp-json\/wp\/v2\/types\/post"}],"author":[{"embeddable":true,"href":"https:\/\/www.ambienteyenergia.gob.ec\/ambiente\/wp-json\/wp\/v2\/users\/13"}],"replies":[{"embeddable":true,"href":"https:\/\/www.ambienteyenergia.gob.ec\/ambiente\/wp-json\/wp\/v2\/comments?post=19140"}],"version-history":[{"count":0,"href":"https:\/\/www.ambienteyenergia.gob.ec\/ambiente\/wp-json\/wp\/v2\/posts\/19140\/revisions"}],"wp:featuredmedia":[{"embeddable":true,"href":"https:\/\/www.ambienteyenergia.gob.ec\/ambiente\/wp-json\/wp\/v2\/media\/19142"}],"wp:attachment":[{"href":"https:\/\/www.ambienteyenergia.gob.ec\/ambiente\/wp-json\/wp\/v2\/media?parent=19140"}],"wp:term":[{"taxonomy":"category","embeddable":true,"href":"https:\/\/www.ambienteyenergia.gob.ec\/ambiente\/wp-json\/wp\/v2\/categories?post=19140"},{"taxonomy":"post_tag","embeddable":true,"href":"https:\/\/www.ambienteyenergia.gob.ec\/ambiente\/wp-json\/wp\/v2\/tags?post=19140"}],"curies":[{"name":"wp","href":"https:\/\/api.w.org\/{rel}","templated":true}]}}