{"id":19134,"date":"2014-04-05T15:09:59","date_gmt":"2014-04-05T20:09:59","guid":{"rendered":"http:\/\/www.ambiente.gob.ec\/?p=19134"},"modified":"2014-04-08T15:42:20","modified_gmt":"2014-04-08T20:42:20","slug":"ministerios-se-comprometen-con-el-ambiente-en-una-jornada-de-reforestacion","status":"publish","type":"post","link":"https:\/\/www.ambienteyenergia.gob.ec\/ambiente\/ministerios-se-comprometen-con-el-ambiente-en-una-jornada-de-reforestacion\/","title":{"rendered":"Ministerios se comprometen con el ambiente en una jornada de reforestaci\u00f3n"},"content":{"rendered":"<p style=\"text-align: justify;\">El Ministerio del Ambiente, en coordinaci\u00f3n con diferentes ministerios y entidades del sector p\u00fablico realizar\u00e1n la reforestaci\u00f3n de 4 hect\u00e1reas en la Comunidad La Tocglla, ubicada en la parroquia Guangopolo, este 5 de abril a partir de las 9h30 con la presencia de Paola Carrera, Subsecretaria de Calidad Ambiental; Fernando D\u00edaz, Director Nacional Forestal; Roberto Andrade, Subsecretario de Pol\u00edticas de Gesti\u00f3n Organizativa; H\u00e9ctor Santamar\u00eda, Vicepresidente de la Comunidad y Santiago Tapia, Director Provincial de Ambiente de Pichincha.<\/p>\n<p style=\"text-align: justify;\">Durante su intervenci\u00f3n Santiago Tapia resalt\u00f3 el trabajo en conjunto con diferentes sectores de la sociedad, asegurando que \u201cel compromiso de participaci\u00f3n de todos los actores sociales, empezando desde el n\u00facleo familiar, han contribuido a que estas iniciativas impulsadas por el Ministerio del Ambiente contribuyan, en conjunto, a sembrar un \u00e1rbol, sembrar vida y sembrar felicidad para que nuestros hijos disfruten del legado que ahora vamos a dejar\u201d.<\/p>\n<p style=\"text-align: justify;\">El evento cont\u00f3 con la participaci\u00f3n de 500 funcionarios de 24 instituciones p\u00fablicas y ministerios de la provincia de Pichincha, a m\u00e1s de los pobladores de la Comunidad Tocglla que se beneficiaron con la siembra de 2500 \u00e1rboles nativos de la zona.<\/p>\n<p style=\"text-align: justify;\">Este evento interinsticional se lo realiza con el apoyo del Programa Socio Bosque, Subsecretar\u00eda de Calidad Ambiental y la Direcci\u00f3n Provincial del Ambiente de Pichincha, con el objetivo de incentivar las buenas pr\u00e1cticas ambientales, el consumo responsable y el cambio de cultura de todos los funcionarios.<\/p>\n<p style=\"text-align: justify;\">\u201c\u00c9sta es solo una de las iniciativas que el gobierno nacional ha impulsado a trav\u00e9s del Ministerio del ambiente, para modificar la cultura ambiental de cada uno de nuestros funcionarios e instituciones, para promover un ambiente m\u00e1s saludable y adecuado para preservar la fauna y flora de nuestro Ecuador cada vez m\u00e1s verde\u201d enfatiz\u00f3 Roberto Andrade, Subsecretario de Pol\u00edticas de Gesti\u00f3n Organizativa, SNAP.<\/p>\n<p style=\"text-align: justify;\">Antes de realizar la restauraci\u00f3n de las 4 hect\u00e1reas en la comunidad Tocglla, se realiz\u00f3 la ceremonia de Iacha para solicitar, simb\u00f3licamente, permiso para que los funcionarios involucrados en esta iniciativa puedan ingresar al espacio que pertenece al Taita Ilalo. En la ceremonia se bendijeron frutas, semillas y a las personas asistentes a la reforestaci\u00f3n.<\/p>\n<p><strong>Otros datos<\/strong><\/p>\n<ul>\n<li style=\"text-align: justify;\">La meta plateada a nivel nacional, a trav\u00e9s de diferentes campa\u00f1as impulsadas por esta Cartera de Estado, en el marco de la cooperaci\u00f3n con diferentes actores clave de la sociedad, es recuperar 100.000 hect\u00e1reas de bosques y paramos durante el 2014.<\/li>\n<li style=\"text-align: justify;\">Adem\u00e1s, el MAE conserva 1 mill\u00f3n 227 mil hect\u00e1reas bajo conservaci\u00f3n con el Programa Socio Bosque y beneficia a cerca 161 mil ciudadanos en todo el pa\u00eds.<\/li>\n<\/ul>\n<p><a href=\"http:\/\/www.ambienteyenergia.gob.ec\/ambiente\/wp-content\/uploads\/2014\/04\/Reforestaci\u00f3n-Ministerios.jpg\"><img loading=\"lazy\" decoding=\"async\" class=\"aligncenter size-full wp-image-19135\" alt=\"Reforestaci\u00f3n Ministerios\" src=\"http:\/\/www.ambienteyenergia.gob.ec\/ambiente\/wp-content\/uploads\/2014\/04\/Reforestaci\u00f3n-Ministerios.jpg\" width=\"283\" height=\"378\" srcset=\"https:\/\/www.ambienteyenergia.gob.ec\/ambiente\/wp-content\/uploads\/sites\/2\/2014\/04\/Reforestaci\u00f3n-Ministerios.jpg 283w, https:\/\/www.ambienteyenergia.gob.ec\/ambiente\/wp-content\/uploads\/sites\/2\/2014\/04\/Reforestaci\u00f3n-Ministerios-224x300.jpg 224w\" sizes=\"auto, (max-width: 283px) 100vw, 283px\" \/><\/a> <a href=\"http:\/\/www.ambienteyenergia.gob.ec\/ambiente\/wp-content\/uploads\/2014\/04\/Reforestaci\u00f3n-Ministerios2.jpg\"><img loading=\"lazy\" decoding=\"async\" class=\"aligncenter size-large wp-image-19136\" alt=\"Reforestaci\u00f3n Ministerios2\" src=\"http:\/\/www.ambienteyenergia.gob.ec\/ambiente\/wp-content\/uploads\/2014\/04\/Reforestaci\u00f3n-Ministerios2.jpg\" width=\"283\" height=\"378\" srcset=\"https:\/\/www.ambienteyenergia.gob.ec\/ambiente\/wp-content\/uploads\/sites\/2\/2014\/04\/Reforestaci\u00f3n-Ministerios2.jpg 283w, https:\/\/www.ambienteyenergia.gob.ec\/ambiente\/wp-content\/uploads\/sites\/2\/2014\/04\/Reforestaci\u00f3n-Ministerios2-224x300.jpg 224w\" sizes=\"auto, (max-width: 283px) 100vw, 283px\" \/><\/a> <a href=\"http:\/\/www.ambienteyenergia.gob.ec\/ambiente\/wp-content\/uploads\/2014\/04\/Reforestaci\u00f3n-Ministerios3.jpg\"><img loading=\"lazy\" decoding=\"async\" class=\"aligncenter size-large wp-image-19137\" alt=\"Reforestaci\u00f3n Ministerios3\" src=\"http:\/\/www.ambienteyenergia.gob.ec\/ambiente\/wp-content\/uploads\/2014\/04\/Reforestaci\u00f3n-Ministerios3.jpg\" width=\"283\" height=\"378\" srcset=\"https:\/\/www.ambienteyenergia.gob.ec\/ambiente\/wp-content\/uploads\/sites\/2\/2014\/04\/Reforestaci\u00f3n-Ministerios3.jpg 283w, https:\/\/www.ambienteyenergia.gob.ec\/ambiente\/wp-content\/uploads\/sites\/2\/2014\/04\/Reforestaci\u00f3n-Ministerios3-224x300.jpg 224w\" sizes=\"auto, (max-width: 283px) 100vw, 283px\" \/><\/a><\/p>\n","protected":false},"excerpt":{"rendered":"<p class=\"excerpt\">El Ministerio del Ambiente, en coordinaci\u00f3n con diferentes ministerios y entidades del sector p\u00fablico realizar\u00e1n la reforestaci\u00f3n de 4 hect\u00e1reas en la Comunidad La Tocglla, ubicada en la parroquia Guangopolo, este 5 de abril a partir de las 9h30 con la presencia de Paola Carrera, Subsecretaria de Calidad Ambiental; Fernando D\u00edaz, Director Nacional Forestal; Roberto Andrade, Subsecretario de Pol\u00edticas de&hellip; <a href=\"https:\/\/www.ambienteyenergia.gob.ec\/ambiente\/ministerios-se-comprometen-con-el-ambiente-en-una-jornada-de-reforestacion\/\">Read more &rarr;<\/a><\/p>\n","protected":false},"author":13,"featured_media":19138,"comment_status":"open","ping_status":"open","sticky":false,"template":"","format":"standard","meta":{"footnotes":""},"categories":[16,4],"tags":[108,53,439,85],"class_list":["post-19134","post","type-post","status-publish","format-standard","has-post-thumbnail","hentry","category-comunicamos","category-noticias","tag-lorena-tapia","tag-mae","tag-ministerios","tag-reforestacion","xfolkentry"],"_links":{"self":[{"href":"https:\/\/www.ambienteyenergia.gob.ec\/ambiente\/wp-json\/wp\/v2\/posts\/19134","targetHints":{"allow":["GET"]}}],"collection":[{"href":"https:\/\/www.ambienteyenergia.gob.ec\/ambiente\/wp-json\/wp\/v2\/posts"}],"about":[{"href":"https:\/\/www.ambienteyenergia.gob.ec\/ambiente\/wp-json\/wp\/v2\/types\/post"}],"author":[{"embeddable":true,"href":"https:\/\/www.ambienteyenergia.gob.ec\/ambiente\/wp-json\/wp\/v2\/users\/13"}],"replies":[{"embeddable":true,"href":"https:\/\/www.ambienteyenergia.gob.ec\/ambiente\/wp-json\/wp\/v2\/comments?post=19134"}],"version-history":[{"count":0,"href":"https:\/\/www.ambienteyenergia.gob.ec\/ambiente\/wp-json\/wp\/v2\/posts\/19134\/revisions"}],"wp:featuredmedia":[{"embeddable":true,"href":"https:\/\/www.ambienteyenergia.gob.ec\/ambiente\/wp-json\/wp\/v2\/media\/19138"}],"wp:attachment":[{"href":"https:\/\/www.ambienteyenergia.gob.ec\/ambiente\/wp-json\/wp\/v2\/media?parent=19134"}],"wp:term":[{"taxonomy":"category","embeddable":true,"href":"https:\/\/www.ambienteyenergia.gob.ec\/ambiente\/wp-json\/wp\/v2\/categories?post=19134"},{"taxonomy":"post_tag","embeddable":true,"href":"https:\/\/www.ambienteyenergia.gob.ec\/ambiente\/wp-json\/wp\/v2\/tags?post=19134"}],"curies":[{"name":"wp","href":"https:\/\/api.w.org\/{rel}","templated":true}]}}