{"id":19125,"date":"2014-04-04T16:29:11","date_gmt":"2014-04-04T21:29:11","guid":{"rendered":"http:\/\/www.ambiente.gob.ec\/?p=19125"},"modified":"2014-04-04T16:29:11","modified_gmt":"2014-04-04T21:29:11","slug":"mae-trabaja-en-acciones-de-mitigacion-y-adaptacion-al-cambio-climatico","status":"publish","type":"post","link":"https:\/\/www.ambienteyenergia.gob.ec\/ambiente\/mae-trabaja-en-acciones-de-mitigacion-y-adaptacion-al-cambio-climatico\/","title":{"rendered":"MAE trabaja en acciones de mitigaci\u00f3n y adaptaci\u00f3n al Cambio Clim\u00e1tico"},"content":{"rendered":"<p style=\"text-align: justify;\"><b>Si bien, las variaciones clim\u00e1ticas son comunes, los cient\u00edficos afirman que en los \u00faltimos 150 a\u00f1os, se registra un ritmo de cambio acelerado, resultado del desarrollo industrial y crecimiento de la poblaci\u00f3n humana, que contribuye al cambio clim\u00e1tico a trav\u00e9s de la emisi\u00f3n de gases de efecto invernadero, contaminaci\u00f3n ambiental, malas pr\u00e1cticas ambientales, deforestaci\u00f3n y sobrexplotaci\u00f3n de recursos naturales, provocando condiciones adversas para los ciclos naturales que permiten la vida en la Tierra.<\/b><\/p>\n<p style=\"text-align: justify;\"><b>El actual Gobierno fue el primero en la historia del pa\u00eds, en reconocer al cambio clim\u00e1tico como un fen\u00f3meno que conlleva riesgos al desarrollo econ\u00f3mico, social y ambiental del pa\u00eds. Por ello, el Ministerio del Ambiente del Ecuador (MAE), a trav\u00e9s de la Subsecretar\u00eda de Cambio Clim\u00e1tico, trabaja de manera coordinada con otras instituciones para apuntalar procesos de desarrollo sostenible, mediante proyectos e iniciativas integrales en temas como el manejo de cuencas hidrogr\u00e1ficas, el monitoreo de glaciares, restauraci\u00f3n de p\u00e1ramos, recuperaci\u00f3n de pr\u00e1cticas ancestrales para la gesti\u00f3n de recursos h\u00eddricos, fomento de pr\u00e1cticas agr\u00edcolas resilientes al clima, programas para la reducci\u00f3n de las emisiones por deforestaci\u00f3n, o mecanismos de desarrollo limpio, entre otros.<\/b><\/p>\n<p style=\"text-align: justify;\"><b>Asimismo, el MAE impulsa varios procesos para establecer medidas de adaptaci\u00f3n a nuevas condiciones clim\u00e1ticas con el fin de reducir la vulnerabilidad de la poblaci\u00f3n ante los riesgos clim\u00e1ticos, promoviendo tambi\u00e9n medidas de mitigaci\u00f3n para apoyar a la reducci\u00f3n de emisiones de gases contaminantes.<\/b><\/p>\n<p style=\"text-align: justify;\"><b>Uno de los hitos del MAE es la Estrategia Nacional de Cambio Clim\u00e1tico, presentada como una herramienta de trabajo que busca integrar a los distintos sectores y orientar una acci\u00f3n concertada, ordenada y planificada que promueva la nacionalizaci\u00f3n del tema en instancias p\u00fablicas y privadas en todo el pa\u00eds; considerando el marco pol\u00edtico, normativo e institucional existente.<\/b><\/p>\n<p style=\"text-align: justify;\"><b>\u00a0Actualmente, esta Cartera de Estado trabaja en la elaboraci\u00f3n del Plan Nacional de Cambio Clim\u00e1tico, que servir\u00e1 como plan de acci\u00f3n de la Estrategia Nacional y que contempla los sectores de agua, agricultura y otros usos de suelo, energ\u00eda y ecosistemas; y dos ejes transversales: la gesti\u00f3n de riesgos y fortalecimiento de capacidades, y una regi\u00f3n de especial atenci\u00f3n, las islas Gal\u00e1pagos. Adicionalmente, las acciones contenidas en este Plan contribuir\u00e1n al cambio de la matriz productiva y energ\u00e9tica del pa\u00eds.<\/b><\/p>\n<p style=\"text-align: justify;\"><b>Ecuador est\u00e1 institucionalizando el cambio clim\u00e1tico en el aspecto normativo a nivel nacional, con la implementaci\u00f3n del mandato constitucional de transversalizaci\u00f3n de este fen\u00f3meno en la gesti\u00f3n p\u00fablica, as\u00ed como, en regulaci\u00f3n adjetiva de acciones de mitigaci\u00f3n como los proyectos Acciones de Mitigaci\u00f3n Nacionalmente Apropiadas (NAMAS), Reducci\u00f3n de Emisiones por Deforestaci\u00f3n y Degradaci\u00f3n Forestal (REDD), y Carbono Neutralidad.<\/b><\/p>\n<p style=\"text-align: justify;\"><b>Para cumplir los objetivos del Plan Nacional del Buen Vivir es importante un compromiso ciudadano en conservar los recursos naturales y reducir el consumo innecesario de agua, energ\u00eda y productos procesados. Por esa raz\u00f3n, el MAE invita a la ciudadan\u00eda a reflexionar sobre la trascendencia que tiene el clima para todos los seres vivos.<\/b><\/p>\n<p style=\"text-align: justify;\"><b>Otros aportes del MAE al cambio clim\u00e1tico<\/b><\/p>\n<ul>\n<li style=\"text-align: justify;\"><b>El Fortalecimiento del Sistema Nacional de \u00c1reas Protegidas cumple un rol importante para la resiliencia del pa\u00eds frente al cambio clim\u00e1tico.<\/b><\/li>\n<li style=\"text-align: justify;\"><b>Creaci\u00f3n de corredores ecol\u00f3gicos mejoran la capacidad de adaptaci\u00f3n.<\/b><\/li>\n<li style=\"text-align: justify;\"><b>Socio Bosque es un mecanismo que ayuda a la reducci\u00f3n de la deforestaci\u00f3n y juega un papel importante en la preparaci\u00f3n del pa\u00eds para mejorar su capacidad de adaptaci\u00f3n al cambio clim\u00e1tico.<\/b><\/li>\n<li style=\"text-align: justify;\"><b>Se trabaja en la conservaci\u00f3n de manglares\u00a0 que es fundamental como medida de adaptaci\u00f3n para proteger la l\u00ednea costera frente a la elevaci\u00f3n del nivel del mar.<\/b><\/li>\n<li style=\"text-align: justify;\"><b>Las acciones de reforestaci\u00f3n y restauraci\u00f3n significan una medida importante de adaptaci\u00f3n y mitigaci\u00f3n ya que contribuye a la captura de carbono en la biomasa vegetal. \u00a0 \u00a0<\/b><\/li>\n<li style=\"text-align: justify;\"><b>El manejo adecuado de los desechos contribuye a disminuir las emisiones de gases de efecto invernadero asociadas a la descomposici\u00f3n de residuos.<\/b><\/li>\n<li style=\"text-align: justify;\"><b>La Subsecretar\u00eda de Calidad Ambiental promueve las buenas pr\u00e1cticas ambientales como una medida de adaptaci\u00f3n al cambio clim\u00e1tico, por ejemplo mediante el ahorro de agua y energ\u00eda, o el consumo responsable de productos elaborados.<\/b><\/li>\n<\/ul>\n","protected":false},"excerpt":{"rendered":"<p class=\"excerpt\">Si bien, las variaciones clim\u00e1ticas son comunes, los cient\u00edficos afirman que en los \u00faltimos 150 a\u00f1os, se registra un ritmo de cambio acelerado, resultado del desarrollo industrial y crecimiento de la poblaci\u00f3n humana, que contribuye al cambio clim\u00e1tico a trav\u00e9s de la emisi\u00f3n de gases de efecto invernadero, contaminaci\u00f3n ambiental, malas pr\u00e1cticas ambientales, deforestaci\u00f3n y sobrexplotaci\u00f3n de recursos naturales, provocando&hellip; <a href=\"https:\/\/www.ambienteyenergia.gob.ec\/ambiente\/mae-trabaja-en-acciones-de-mitigacion-y-adaptacion-al-cambio-climatico\/\">Read more &rarr;<\/a><\/p>\n","protected":false},"author":13,"featured_media":19126,"comment_status":"open","ping_status":"open","sticky":false,"template":"","format":"standard","meta":{"footnotes":""},"categories":[16,4],"tags":[],"class_list":["post-19125","post","type-post","status-publish","format-standard","has-post-thumbnail","hentry","category-comunicamos","category-noticias","xfolkentry"],"_links":{"self":[{"href":"https:\/\/www.ambienteyenergia.gob.ec\/ambiente\/wp-json\/wp\/v2\/posts\/19125","targetHints":{"allow":["GET"]}}],"collection":[{"href":"https:\/\/www.ambienteyenergia.gob.ec\/ambiente\/wp-json\/wp\/v2\/posts"}],"about":[{"href":"https:\/\/www.ambienteyenergia.gob.ec\/ambiente\/wp-json\/wp\/v2\/types\/post"}],"author":[{"embeddable":true,"href":"https:\/\/www.ambienteyenergia.gob.ec\/ambiente\/wp-json\/wp\/v2\/users\/13"}],"replies":[{"embeddable":true,"href":"https:\/\/www.ambienteyenergia.gob.ec\/ambiente\/wp-json\/wp\/v2\/comments?post=19125"}],"version-history":[{"count":0,"href":"https:\/\/www.ambienteyenergia.gob.ec\/ambiente\/wp-json\/wp\/v2\/posts\/19125\/revisions"}],"wp:featuredmedia":[{"embeddable":true,"href":"https:\/\/www.ambienteyenergia.gob.ec\/ambiente\/wp-json\/wp\/v2\/media\/19126"}],"wp:attachment":[{"href":"https:\/\/www.ambienteyenergia.gob.ec\/ambiente\/wp-json\/wp\/v2\/media?parent=19125"}],"wp:term":[{"taxonomy":"category","embeddable":true,"href":"https:\/\/www.ambienteyenergia.gob.ec\/ambiente\/wp-json\/wp\/v2\/categories?post=19125"},{"taxonomy":"post_tag","embeddable":true,"href":"https:\/\/www.ambienteyenergia.gob.ec\/ambiente\/wp-json\/wp\/v2\/tags?post=19125"}],"curies":[{"name":"wp","href":"https:\/\/api.w.org\/{rel}","templated":true}]}}