{"id":19122,"date":"2014-04-04T14:25:51","date_gmt":"2014-04-04T19:25:51","guid":{"rendered":"http:\/\/www.ambiente.gob.ec\/?p=19122"},"modified":"2014-04-04T14:25:51","modified_gmt":"2014-04-04T19:25:51","slug":"mae-socializa-campana-tradicion-y-conservacion-van-de-la-mano-en-escuelas-de-chimborazo","status":"publish","type":"post","link":"https:\/\/www.ambienteyenergia.gob.ec\/ambiente\/mae-socializa-campana-tradicion-y-conservacion-van-de-la-mano-en-escuelas-de-chimborazo\/","title":{"rendered":"MAE socializa campa\u00f1a &#8216;Tradici\u00f3n y conservaci\u00f3n van de la mano&#8217; en escuelas de Chimborazo"},"content":{"rendered":"<p style=\"text-align: justify;\">La Direcci\u00f3n Provincial del Ambiente de Chimborazo en coordinaci\u00f3n con voluntarios del Servicio Civil Ciudadano (SCC), realiz\u00f3 una jornada de educaci\u00f3n ambiental sobre la campa\u00f1a \u00abTradici\u00f3n y Conservaci\u00f3n van de la mano\u201d en el centro educativo Dr. Carlos Freire, ubicado en el cant\u00f3n Riobamba, provincia de Chimborazo. El prop\u00f3sito fue promover el cuidado y protecci\u00f3n de la Palma de Cera y as\u00ed evitar la adquisici\u00f3n de ramos confeccionados con este material.<\/p>\n<p style=\"text-align: justify;\">Para el desarrollo de las charlas educativas, los j\u00f3venes del SCC trabajaron con actividades l\u00fadicas cognitivas para transmitir el mensaje de preservar la palma de cera y explicar la relaci\u00f3n de esta especie con las aves y el bosque nativo.<\/p>\n<p style=\"text-align: justify;\">Asimismo, el espacio de interacci\u00f3n fue aprovechado para incentivar a\u00a0las ni\u00f1as y ni\u00f1os a utilizar materiales m\u00e1s amigables con el ambiente para la elaboraci\u00f3n de sus ramos.<\/p>\n<p style=\"text-align: justify;\">Adem\u00e1s de las charlas y talleres, el MAE organiz\u00f3 una actividad de forestaci\u00f3n con la finalidad de intervenir en los espacios verdes de la instituci\u00f3n educativa. En el lugar se sembraron 50 plantas nativas entre ornamentales y forestales como arupo, molle, jiguer\u00f3n y yagual. Al finalizar las ni\u00f1as y ni\u00f1os, con el apoyo de los j\u00f3venes del SCC y un t\u00e9cnico forestal del MAE aprendieron a plantar \u00e1rboles\u00a0 de forma apropiada.<\/p>\n<p style=\"text-align: justify;\"><strong>Dato adicional<\/strong><\/p>\n<p style=\"text-align: justify;\">Esta Cartera de Estado tiene previsto visitar en esa fecha religiosa las iglesias de mayor afluencia en la ciudad de Riobamba con el objetivo de incentivar a la ciudadan\u00eda la no utilizaci\u00f3n de la palma de cera.<\/p>\n","protected":false},"excerpt":{"rendered":"<p class=\"excerpt\">La Direcci\u00f3n Provincial del Ambiente de Chimborazo en coordinaci\u00f3n con voluntarios del Servicio Civil Ciudadano (SCC), realiz\u00f3 una jornada de educaci\u00f3n ambiental sobre la campa\u00f1a \u00abTradici\u00f3n y Conservaci\u00f3n van de la mano\u201d en el centro educativo Dr. Carlos Freire, ubicado en el cant\u00f3n Riobamba, provincia de Chimborazo. El prop\u00f3sito fue promover el cuidado y protecci\u00f3n de la Palma de Cera&hellip; <a href=\"https:\/\/www.ambienteyenergia.gob.ec\/ambiente\/mae-socializa-campana-tradicion-y-conservacion-van-de-la-mano-en-escuelas-de-chimborazo\/\">Read more &rarr;<\/a><\/p>\n","protected":false},"author":13,"featured_media":19123,"comment_status":"open","ping_status":"open","sticky":false,"template":"","format":"standard","meta":{"footnotes":""},"categories":[16,4],"tags":[],"class_list":["post-19122","post","type-post","status-publish","format-standard","has-post-thumbnail","hentry","category-comunicamos","category-noticias","xfolkentry"],"_links":{"self":[{"href":"https:\/\/www.ambienteyenergia.gob.ec\/ambiente\/wp-json\/wp\/v2\/posts\/19122","targetHints":{"allow":["GET"]}}],"collection":[{"href":"https:\/\/www.ambienteyenergia.gob.ec\/ambiente\/wp-json\/wp\/v2\/posts"}],"about":[{"href":"https:\/\/www.ambienteyenergia.gob.ec\/ambiente\/wp-json\/wp\/v2\/types\/post"}],"author":[{"embeddable":true,"href":"https:\/\/www.ambienteyenergia.gob.ec\/ambiente\/wp-json\/wp\/v2\/users\/13"}],"replies":[{"embeddable":true,"href":"https:\/\/www.ambienteyenergia.gob.ec\/ambiente\/wp-json\/wp\/v2\/comments?post=19122"}],"version-history":[{"count":0,"href":"https:\/\/www.ambienteyenergia.gob.ec\/ambiente\/wp-json\/wp\/v2\/posts\/19122\/revisions"}],"wp:featuredmedia":[{"embeddable":true,"href":"https:\/\/www.ambienteyenergia.gob.ec\/ambiente\/wp-json\/wp\/v2\/media\/19123"}],"wp:attachment":[{"href":"https:\/\/www.ambienteyenergia.gob.ec\/ambiente\/wp-json\/wp\/v2\/media?parent=19122"}],"wp:term":[{"taxonomy":"category","embeddable":true,"href":"https:\/\/www.ambienteyenergia.gob.ec\/ambiente\/wp-json\/wp\/v2\/categories?post=19122"},{"taxonomy":"post_tag","embeddable":true,"href":"https:\/\/www.ambienteyenergia.gob.ec\/ambiente\/wp-json\/wp\/v2\/tags?post=19122"}],"curies":[{"name":"wp","href":"https:\/\/api.w.org\/{rel}","templated":true}]}}