{"id":19119,"date":"2014-04-04T11:57:27","date_gmt":"2014-04-04T16:57:27","guid":{"rendered":"http:\/\/www.ambiente.gob.ec\/?p=19119"},"modified":"2014-04-04T11:57:27","modified_gmt":"2014-04-04T16:57:27","slug":"alumnos-de-4-escuelas-de-sucumbios-conocieron-mas-sobre-la-campana-tradicion-y-conservacion-van-de-la-mano","status":"publish","type":"post","link":"https:\/\/www.ambienteyenergia.gob.ec\/ambiente\/alumnos-de-4-escuelas-de-sucumbios-conocieron-mas-sobre-la-campana-tradicion-y-conservacion-van-de-la-mano\/","title":{"rendered":"Alumnos de 4 escuelas de Sucumb\u00edos conocieron m\u00e1s sobre la campa\u00f1a &#8216;Tradici\u00f3n y conservaci\u00f3n van de la mano&#8217;"},"content":{"rendered":"<p style=\"text-align: justify;\">Como parte de la campa\u00f1a &#8216;Tradici\u00f3n y conservaci\u00f3n van de la mano&#8217;, el Ministerio del Ambiente del Ecuador (MAE) realiza continuas charlas de sensibilizaci\u00f3n en diferentes escuelas del cant\u00f3n Cuyabeno en la provincia de Sucumb\u00edos, con el objetivo de concienciar a la ciudadan\u00eda y especialmente a los ni\u00f1os sobre el uso indiscriminado de la palma de cera en la ceremonia religiosa Domingo de Ramos.<\/p>\n<p style=\"text-align: justify;\">T\u00e9cnicos de esta Cartera de Estado, a trav\u00e9s de actividades l\u00fadico cognitivas, captaron el inter\u00e9s de los infantes, difundieron y promovieron el uso de materiales alternativos y plantas de r\u00e1pido crecimiento como romero, laurel, ma\u00edz, array\u00e1n, sigsig y heliconias, para la elaboraci\u00f3n de las artesan\u00edas de Semana Santa.<\/p>\n<p style=\"text-align: justify;\">En las jornadas de educaci\u00f3n ambiental impartidas por el MAE participaron las escuelas Antonio Borrero, Rio Quinind\u00e9, Provincia de Manab\u00ed y Huayna Capac; en las que alumnos y docentes se sumaron al compromiso ambiental de proteger esta especie.<\/p>\n<p style=\"text-align: justify;\">Asimismo, se explic\u00f3 que la palma de ramos es una planta de lento crecimiento y que su deforestaci\u00f3n puede provocar la extinci\u00f3n del Loro Orejiamarillo y del Perico Cachetidorado, dos de las especies m\u00e1s extra\u00f1as y amenazadas de Ecuador, que dependen de esta especie para sobrevivir.<\/p>\n<p style=\"text-align: justify;\">El MAE propone a la ciudadan\u00eda equilibrar las costumbres religiosas con el cuidado ambiental, utilizando para estas fechas materiales amigables con ambiente, y asimismo, hace un llamado para que no se compre o venda palma de cera.<\/p>\n","protected":false},"excerpt":{"rendered":"<p class=\"excerpt\">Como parte de la campa\u00f1a &#8216;Tradici\u00f3n y conservaci\u00f3n van de la mano&#8217;, el Ministerio del Ambiente del Ecuador (MAE) realiza continuas charlas de sensibilizaci\u00f3n en diferentes escuelas del cant\u00f3n Cuyabeno en la provincia de Sucumb\u00edos, con el objetivo de concienciar a la ciudadan\u00eda y especialmente a los ni\u00f1os sobre el uso indiscriminado de la palma de cera en la ceremonia&hellip; <a href=\"https:\/\/www.ambienteyenergia.gob.ec\/ambiente\/alumnos-de-4-escuelas-de-sucumbios-conocieron-mas-sobre-la-campana-tradicion-y-conservacion-van-de-la-mano\/\">Read more &rarr;<\/a><\/p>\n","protected":false},"author":13,"featured_media":19120,"comment_status":"open","ping_status":"open","sticky":false,"template":"","format":"standard","meta":{"footnotes":""},"categories":[16,4],"tags":[417,108,53,357],"class_list":["post-19119","post","type-post","status-publish","format-standard","has-post-thumbnail","hentry","category-comunicamos","category-noticias","tag-campana-tradicion-y-conservacion-van-de-la-mano","tag-lorena-tapia","tag-mae","tag-sucumbios","xfolkentry"],"_links":{"self":[{"href":"https:\/\/www.ambienteyenergia.gob.ec\/ambiente\/wp-json\/wp\/v2\/posts\/19119","targetHints":{"allow":["GET"]}}],"collection":[{"href":"https:\/\/www.ambienteyenergia.gob.ec\/ambiente\/wp-json\/wp\/v2\/posts"}],"about":[{"href":"https:\/\/www.ambienteyenergia.gob.ec\/ambiente\/wp-json\/wp\/v2\/types\/post"}],"author":[{"embeddable":true,"href":"https:\/\/www.ambienteyenergia.gob.ec\/ambiente\/wp-json\/wp\/v2\/users\/13"}],"replies":[{"embeddable":true,"href":"https:\/\/www.ambienteyenergia.gob.ec\/ambiente\/wp-json\/wp\/v2\/comments?post=19119"}],"version-history":[{"count":0,"href":"https:\/\/www.ambienteyenergia.gob.ec\/ambiente\/wp-json\/wp\/v2\/posts\/19119\/revisions"}],"wp:featuredmedia":[{"embeddable":true,"href":"https:\/\/www.ambienteyenergia.gob.ec\/ambiente\/wp-json\/wp\/v2\/media\/19120"}],"wp:attachment":[{"href":"https:\/\/www.ambienteyenergia.gob.ec\/ambiente\/wp-json\/wp\/v2\/media?parent=19119"}],"wp:term":[{"taxonomy":"category","embeddable":true,"href":"https:\/\/www.ambienteyenergia.gob.ec\/ambiente\/wp-json\/wp\/v2\/categories?post=19119"},{"taxonomy":"post_tag","embeddable":true,"href":"https:\/\/www.ambienteyenergia.gob.ec\/ambiente\/wp-json\/wp\/v2\/tags?post=19119"}],"curies":[{"name":"wp","href":"https:\/\/api.w.org\/{rel}","templated":true}]}}