{"id":19116,"date":"2014-04-04T08:19:24","date_gmt":"2014-04-04T13:19:24","guid":{"rendered":"http:\/\/www.ambiente.gob.ec\/?p=19116"},"modified":"2014-04-04T08:19:24","modified_gmt":"2014-04-04T13:19:24","slug":"mae-libera-42-tortugas-en-borbon-esmeraldas","status":"publish","type":"post","link":"https:\/\/www.ambienteyenergia.gob.ec\/ambiente\/mae-libera-42-tortugas-en-borbon-esmeraldas\/","title":{"rendered":"MAE libera 42 tortugas en Borb\u00f3n, Esmeraldas"},"content":{"rendered":"<p style=\"text-align: justify;\">El Ministerio del Ambiente, a trav\u00e9s de la Direcci\u00f3n Provincial de Ambiente de Esmeraldas, en coordinaci\u00f3n con la Unidad de Manejo Zool\u00f3gico Guayabillas y los T\u00e9cnicos de la Reserva Ecol\u00f3gica Cotacachi Cayapas Zona Baja, provincia de Imbabura, liberaron el d\u00eda de ayer 42 tortugas.<\/p>\n<p style=\"text-align: justify;\">Estos espec\u00edmenes de vida silvestre fueron rescatados gracias a los operativos que se realizan de forma permanente en la provincia de Imbabura, gracias al trabajo conjunto de la\u00a0 Guardaparques y Militares del sector.<\/p>\n<p style=\"text-align: justify;\">Entre los ejemplares que fueron devueltos a su h\u00e1bitat natural se encuentran 38 tortugas de la especie <i>Rhinoclemmys melanosterma <\/i>y 4 <i>Kinostermon leucostomum.\u00a0<\/i><\/p>\n<p style=\"text-align: justify;\">El lugar escogido para realizar la liberaci\u00f3n de estos espec\u00edmenes se ubica en la parroquia Borb\u00f3n, cant\u00f3n Eloy Alfaro de la provincia de Esmeraldas, el mismo que tiene una extensi\u00f3n de 15 hect\u00e1reas de su h\u00e1bitat natural, y es propiedad del Ministerio del Ambiente. Aqu\u00ed se les brindar\u00e1 los cuidados y atenci\u00f3n necesaria para su desarrollo.<\/p>\n<p style=\"text-align: justify;\"><strong>Datos Relacionados<\/strong><\/p>\n<p style=\"text-align: justify;\">Las especies de tortuga <i>Rhinoclemmys melanosterma<\/i> y <i>Kinostermon leucostomum<\/i> son comercializadas en San Lorenzo, Borb\u00f3n, Las Pe\u00f1as y toda la costa de la provincia de Esmeraldas especialmente en feriados.<\/p>\n","protected":false},"excerpt":{"rendered":"<p class=\"excerpt\">El Ministerio del Ambiente, a trav\u00e9s de la Direcci\u00f3n Provincial de Ambiente de Esmeraldas, en coordinaci\u00f3n con la Unidad de Manejo Zool\u00f3gico Guayabillas y los T\u00e9cnicos de la Reserva Ecol\u00f3gica Cotacachi Cayapas Zona Baja, provincia de Imbabura, liberaron el d\u00eda de ayer 42 tortugas. Estos espec\u00edmenes de vida silvestre fueron rescatados gracias a los operativos que se realizan de forma&hellip; <a href=\"https:\/\/www.ambienteyenergia.gob.ec\/ambiente\/mae-libera-42-tortugas-en-borbon-esmeraldas\/\">Read more &rarr;<\/a><\/p>\n","protected":false},"author":13,"featured_media":19117,"comment_status":"open","ping_status":"open","sticky":false,"template":"","format":"standard","meta":{"footnotes":""},"categories":[16,4],"tags":[],"class_list":["post-19116","post","type-post","status-publish","format-standard","has-post-thumbnail","hentry","category-comunicamos","category-noticias","xfolkentry"],"_links":{"self":[{"href":"https:\/\/www.ambienteyenergia.gob.ec\/ambiente\/wp-json\/wp\/v2\/posts\/19116","targetHints":{"allow":["GET"]}}],"collection":[{"href":"https:\/\/www.ambienteyenergia.gob.ec\/ambiente\/wp-json\/wp\/v2\/posts"}],"about":[{"href":"https:\/\/www.ambienteyenergia.gob.ec\/ambiente\/wp-json\/wp\/v2\/types\/post"}],"author":[{"embeddable":true,"href":"https:\/\/www.ambienteyenergia.gob.ec\/ambiente\/wp-json\/wp\/v2\/users\/13"}],"replies":[{"embeddable":true,"href":"https:\/\/www.ambienteyenergia.gob.ec\/ambiente\/wp-json\/wp\/v2\/comments?post=19116"}],"version-history":[{"count":0,"href":"https:\/\/www.ambienteyenergia.gob.ec\/ambiente\/wp-json\/wp\/v2\/posts\/19116\/revisions"}],"wp:featuredmedia":[{"embeddable":true,"href":"https:\/\/www.ambienteyenergia.gob.ec\/ambiente\/wp-json\/wp\/v2\/media\/19117"}],"wp:attachment":[{"href":"https:\/\/www.ambienteyenergia.gob.ec\/ambiente\/wp-json\/wp\/v2\/media?parent=19116"}],"wp:term":[{"taxonomy":"category","embeddable":true,"href":"https:\/\/www.ambienteyenergia.gob.ec\/ambiente\/wp-json\/wp\/v2\/categories?post=19116"},{"taxonomy":"post_tag","embeddable":true,"href":"https:\/\/www.ambienteyenergia.gob.ec\/ambiente\/wp-json\/wp\/v2\/tags?post=19116"}],"curies":[{"name":"wp","href":"https:\/\/api.w.org\/{rel}","templated":true}]}}