{"id":19113,"date":"2014-04-03T20:00:58","date_gmt":"2014-04-04T01:00:58","guid":{"rendered":"http:\/\/www.ambiente.gob.ec\/?p=19113"},"modified":"2014-04-03T20:00:58","modified_gmt":"2014-04-04T01:00:58","slug":"importante-participacion-de-ecuador-en-el-ultimo-panel-intergubernamental-de-cambio-climatico-ipcc","status":"publish","type":"post","link":"https:\/\/www.ambienteyenergia.gob.ec\/ambiente\/importante-participacion-de-ecuador-en-el-ultimo-panel-intergubernamental-de-cambio-climatico-ipcc\/","title":{"rendered":"Importante participaci\u00f3n de Ecuador en el \u00faltimo Panel Intergubernamental de Cambio Clim\u00e1tico (IPCC)"},"content":{"rendered":"<p style=\"text-align: justify;\">El 31 de marzo del 2014, se public\u00f3 el V informe del IPCC con respecto al <em>Grupo de trabajo II<\/em> que eval\u00faa la <strong>vulnerabilidad de los sistemas socioecon\u00f3micos y naturales al cambio clim\u00e1tico<\/strong>, las consecuencias negativas y positivas de dicho cambio y las posibilidades de adaptaci\u00f3n al mismo, para esta publicaci\u00f3n hubo una reuni\u00f3n previa en Yokohama Jap\u00f3n, a la que asisti\u00f3 el Ministerio del Ambiente, a trav\u00e9s de la Subsecretaria de Cambio Clim\u00e1tico, Punto Focal de IPCC del Ecuador.<\/p>\n<p style=\"text-align: justify;\">Los principales avances de este informe incorporan mejoras al tema de Gesti\u00f3n de Riesgos que se refleja en un trabajo s\u00f3lido y amplio titulado <em>\u201cGesti\u00f3n de los riesgos futuros y la construcci\u00f3n de la resiliencia\u201d<\/em>. Otro de los temas que resalta el informe son las oportunidades para la adaptaci\u00f3n y la necesidad de reducir la escala de los modelos clim\u00e1ticos globales para producir escenarios clim\u00e1ticos regionales con una mayor resoluci\u00f3n.<\/p>\n<p style=\"text-align: justify;\">Uno de los aportes importantes del Ecuador, a trav\u00e9s de la gesti\u00f3n del Ministerio del Ambiente, tiene que ver con los humedales, deslizamientos y las implicaciones del clima en los vectores de enfermedades que afectan a la salud humana, que son factores de vulnerabilidad en nuestra realidad que no estaban expl\u00edcitos en el pasado.<\/p>\n<p style=\"text-align: justify;\">Para el MAE, la gesti\u00f3n de cambio clim\u00e1tico en Ecuador es un tema relevante en la aplicaci\u00f3n de medidas de adaptaci\u00f3n, as\u00ed como para la implementaci\u00f3n de la Estrategia y Plan Nacional de Cambio Clim\u00e1tico.<\/p>\n<p style=\"text-align: justify;\"><strong>El Grupo Intergubernamental de Expertos sobre el Cambio Clim\u00e1tico (IPCC)<\/strong><\/p>\n<p style=\"text-align: justify;\">Fue establecido conjuntamente por la Organizaci\u00f3n Meteorol\u00f3gica Mundial (OMM) y el Programa de las Naciones Unidas para el Medio Ambiente (PNUMA) en el a\u00f1o 1988. La funci\u00f3n del IPCC consiste en analizar, de forma exhaustiva, objetiva, abierta y transparente, la informaci\u00f3n cient\u00edfica, t\u00e9cnica y socioecon\u00f3mica relevante para entender los elementos del riesgo que supone el cambio clim\u00e1tico provocado por las actividades humanas, sus posibles repercusiones y las posibilidades de adaptaci\u00f3n y atenuaci\u00f3n del mismo.<\/p>\n<p style=\"text-align: justify;\">Desde su inicio el IPCC ha publicado 5 informes que contienen los estudios y siguen la l\u00f3gica de sus 4 grupos de trabajo. La \u00faltima publicaci\u00f3n del Grupo de trabajo se realiz\u00f3 en octubre de 2013, donde la principal alerta es el inequ\u00edvoco calentamiento global, la temperatura media mundial y la temperatura del oc\u00e9ano son los que mayores consecuencias han tenido.<\/p>\n<p style=\"text-align: justify;\">Por cada decenio analizado, el per\u00edodo 2001-2010 es el m\u00e1s caliente, y los eventos extremos como, sequ\u00edas, lluvias intensas, temperaturas m\u00e1ximas y otros, son cada vez m\u00e1s significativos a un nivel ambiental, social y econ\u00f3mico. El nivel del mar se ha incrementado y ha sido superior a la media de 2000 a\u00f1os atr\u00e1s, adem\u00e1s presenta un nivel de acidificaci\u00f3n r\u00e9cord. De igual forma los glaciares han disminuido o desaparecido de los nevados grandes y peque\u00f1os.<\/p>\n<p style=\"text-align: justify;\">Por ejemplo en Ecuador nevados como el Antisana ya han perdido m\u00e1s de un 30% de su masa de glaciar en los \u00faltimos 30 a\u00f1os. Estos impactos son relevantes para nuestro pa\u00eds, debido a que nuestra sociedad, ecosistemas, y econom\u00eda, son vulnerables frente al cambio de clima en general. Si las emisiones de gases de efecto invernadero siguen increment\u00e1ndose como en la actualidad, se espera que la temperatura media global se incremente en m\u00e1s de 1,5 a 2 grados cent\u00edgrados en relaci\u00f3n con el per\u00edodo 1850-1900. Esto traer\u00e1 consecuencias irreversibles para nuestro planeta.<\/p>\n","protected":false},"excerpt":{"rendered":"<p class=\"excerpt\">El 31 de marzo del 2014, se public\u00f3 el V informe del IPCC con respecto al Grupo de trabajo II que eval\u00faa la vulnerabilidad de los sistemas socioecon\u00f3micos y naturales al cambio clim\u00e1tico, las consecuencias negativas y positivas de dicho cambio y las posibilidades de adaptaci\u00f3n al mismo, para esta publicaci\u00f3n hubo una reuni\u00f3n previa en Yokohama Jap\u00f3n, a la&hellip; <a href=\"https:\/\/www.ambienteyenergia.gob.ec\/ambiente\/importante-participacion-de-ecuador-en-el-ultimo-panel-intergubernamental-de-cambio-climatico-ipcc\/\">Read more &rarr;<\/a><\/p>\n","protected":false},"author":13,"featured_media":19114,"comment_status":"open","ping_status":"open","sticky":false,"template":"","format":"standard","meta":{"footnotes":""},"categories":[16,4],"tags":[133,48,108,53],"class_list":["post-19113","post","type-post","status-publish","format-standard","has-post-thumbnail","hentry","category-comunicamos","category-noticias","tag-cambio-climatico","tag-ecuador","tag-lorena-tapia","tag-mae","xfolkentry"],"_links":{"self":[{"href":"https:\/\/www.ambienteyenergia.gob.ec\/ambiente\/wp-json\/wp\/v2\/posts\/19113","targetHints":{"allow":["GET"]}}],"collection":[{"href":"https:\/\/www.ambienteyenergia.gob.ec\/ambiente\/wp-json\/wp\/v2\/posts"}],"about":[{"href":"https:\/\/www.ambienteyenergia.gob.ec\/ambiente\/wp-json\/wp\/v2\/types\/post"}],"author":[{"embeddable":true,"href":"https:\/\/www.ambienteyenergia.gob.ec\/ambiente\/wp-json\/wp\/v2\/users\/13"}],"replies":[{"embeddable":true,"href":"https:\/\/www.ambienteyenergia.gob.ec\/ambiente\/wp-json\/wp\/v2\/comments?post=19113"}],"version-history":[{"count":0,"href":"https:\/\/www.ambienteyenergia.gob.ec\/ambiente\/wp-json\/wp\/v2\/posts\/19113\/revisions"}],"wp:featuredmedia":[{"embeddable":true,"href":"https:\/\/www.ambienteyenergia.gob.ec\/ambiente\/wp-json\/wp\/v2\/media\/19114"}],"wp:attachment":[{"href":"https:\/\/www.ambienteyenergia.gob.ec\/ambiente\/wp-json\/wp\/v2\/media?parent=19113"}],"wp:term":[{"taxonomy":"category","embeddable":true,"href":"https:\/\/www.ambienteyenergia.gob.ec\/ambiente\/wp-json\/wp\/v2\/categories?post=19113"},{"taxonomy":"post_tag","embeddable":true,"href":"https:\/\/www.ambienteyenergia.gob.ec\/ambiente\/wp-json\/wp\/v2\/tags?post=19113"}],"curies":[{"name":"wp","href":"https:\/\/api.w.org\/{rel}","templated":true}]}}