{"id":19110,"date":"2014-04-03T16:54:13","date_gmt":"2014-04-03T21:54:13","guid":{"rendered":"http:\/\/www.ambiente.gob.ec\/?p=19110"},"modified":"2014-04-03T16:54:13","modified_gmt":"2014-04-03T21:54:13","slug":"un-vehiculo-retenido-fue-el-resultado-del-operativo-de-control-forestal-en-bolivar","status":"publish","type":"post","link":"https:\/\/www.ambienteyenergia.gob.ec\/ambiente\/un-vehiculo-retenido-fue-el-resultado-del-operativo-de-control-forestal-en-bolivar\/","title":{"rendered":"Un veh\u00edculo retenido fue el resultado del operativo de control forestal en Bol\u00edvar"},"content":{"rendered":"<p style=\"text-align: justify;\">El Ministerio del Ambiente del Ecuador (MAE) cumpliendo con la normativa forestal vigente y como mecanismo de supervisi\u00f3n para lograr un buen manejo del producto forestal y de los bosques nativos, realiz\u00f3 hoy, un operativo de control\u00a0 m\u00f3vil en la\u00a0 parroquia de Guanujo, del cant\u00f3n Guaranda.<\/p>\n<p style=\"text-align: justify;\">Como resultado de este operativo ejecutado en coordinaci\u00f3n con la Unidad de Protecci\u00f3n de Medio Ambiente (UPMA) se retuvo a un veh\u00edculo que se encontraba transportando 7.12 m\u00b3 de eucalipto (<i>Eucaliptus\u00a0 globolus<\/i>), cuando en la gu\u00eda de circulaci\u00f3n \u00fanicamente constaban 6.15 m\u00b3 .<\/p>\n<p style=\"text-align: justify;\">T\u00e9cnicos del MAE al verificar que la informaci\u00f3n del documento oficial no coincid\u00eda, procedieron a notificar a la UPMA para detener al veh\u00edculo, que inmediatamente fue trasladado a los patios de la jefatura de Tr\u00e1nsito Laguacoto, donde permanecer\u00e1 hasta comprobar el origen de la madera transportada.<\/p>\n<p style=\"text-align: justify;\">Por su parte, esta Cartera de Estado iniciar\u00e1 con los procedimientos administrativos correspondientes como lo estipula la Normativa Ambiental Vigente.<\/p>\n<p style=\"text-align: justify;\">Asimismo, el MAE continuar\u00e1 con los controles forestales con el objetivo de precautelar e inducir a la poblaci\u00f3n a un manejo sustentable de los bosques.<\/p>\n<p style=\"text-align: justify;\">\n","protected":false},"excerpt":{"rendered":"<p class=\"excerpt\">El Ministerio del Ambiente del Ecuador (MAE) cumpliendo con la normativa forestal vigente y como mecanismo de supervisi\u00f3n para lograr un buen manejo del producto forestal y de los bosques nativos, realiz\u00f3 hoy, un operativo de control\u00a0 m\u00f3vil en la\u00a0 parroquia de Guanujo, del cant\u00f3n Guaranda. Como resultado de este operativo ejecutado en coordinaci\u00f3n con la Unidad de Protecci\u00f3n de&hellip; <a href=\"https:\/\/www.ambienteyenergia.gob.ec\/ambiente\/un-vehiculo-retenido-fue-el-resultado-del-operativo-de-control-forestal-en-bolivar\/\">Read more &rarr;<\/a><\/p>\n","protected":false},"author":13,"featured_media":19111,"comment_status":"open","ping_status":"open","sticky":false,"template":"","format":"standard","meta":{"footnotes":""},"categories":[16,4],"tags":[],"class_list":["post-19110","post","type-post","status-publish","format-standard","has-post-thumbnail","hentry","category-comunicamos","category-noticias","xfolkentry"],"_links":{"self":[{"href":"https:\/\/www.ambienteyenergia.gob.ec\/ambiente\/wp-json\/wp\/v2\/posts\/19110","targetHints":{"allow":["GET"]}}],"collection":[{"href":"https:\/\/www.ambienteyenergia.gob.ec\/ambiente\/wp-json\/wp\/v2\/posts"}],"about":[{"href":"https:\/\/www.ambienteyenergia.gob.ec\/ambiente\/wp-json\/wp\/v2\/types\/post"}],"author":[{"embeddable":true,"href":"https:\/\/www.ambienteyenergia.gob.ec\/ambiente\/wp-json\/wp\/v2\/users\/13"}],"replies":[{"embeddable":true,"href":"https:\/\/www.ambienteyenergia.gob.ec\/ambiente\/wp-json\/wp\/v2\/comments?post=19110"}],"version-history":[{"count":0,"href":"https:\/\/www.ambienteyenergia.gob.ec\/ambiente\/wp-json\/wp\/v2\/posts\/19110\/revisions"}],"wp:featuredmedia":[{"embeddable":true,"href":"https:\/\/www.ambienteyenergia.gob.ec\/ambiente\/wp-json\/wp\/v2\/media\/19111"}],"wp:attachment":[{"href":"https:\/\/www.ambienteyenergia.gob.ec\/ambiente\/wp-json\/wp\/v2\/media?parent=19110"}],"wp:term":[{"taxonomy":"category","embeddable":true,"href":"https:\/\/www.ambienteyenergia.gob.ec\/ambiente\/wp-json\/wp\/v2\/categories?post=19110"},{"taxonomy":"post_tag","embeddable":true,"href":"https:\/\/www.ambienteyenergia.gob.ec\/ambiente\/wp-json\/wp\/v2\/tags?post=19110"}],"curies":[{"name":"wp","href":"https:\/\/api.w.org\/{rel}","templated":true}]}}