{"id":19106,"date":"2014-04-03T15:01:49","date_gmt":"2014-04-03T20:01:49","guid":{"rendered":"http:\/\/www.ambiente.gob.ec\/?p=19106"},"modified":"2014-04-03T15:01:49","modified_gmt":"2014-04-03T20:01:49","slug":"taller-de-planificacion-estrategica-y-operativa-de-la-region-esmeraldas","status":"publish","type":"post","link":"https:\/\/www.ambienteyenergia.gob.ec\/ambiente\/taller-de-planificacion-estrategica-y-operativa-de-la-region-esmeraldas\/","title":{"rendered":"Taller de Planificaci\u00f3n Estrat\u00e9gica y Operativa de la Regi\u00f3n Esmeraldas"},"content":{"rendered":"<p style=\"text-align: justify;\">El Ministerio del Ambiente, a trav\u00e9s del Programa de Cambio Clim\u00e1tico, Biodiversidad y Desarrollo Sostenible (ProCamB\u00edo) y la Cooperaci\u00f3n Alemana al Desarrollo (GIZ)\u00a0 realizaron el pasado 1 de abril el <i>\u201cTaller de Planificaci\u00f3n Estrat\u00e9gica y Operativa de la Regi\u00f3n Esmeraldas\u201d<\/i>. Este evento se desarroll\u00f3 en el Centro Santa Cruz de la Pontificia Universidad Cat\u00f3lica del Ecuador, Sede Esmeraldas.<\/p>\n<p style=\"text-align: justify;\">El principal objetivo de este taller fue elaborar la planificaci\u00f3n estrat\u00e9gica y operativa 2014 \u2013 2017 del programa ProCamB\u00edo del MAE y GIZ en conjunto con el Gobierno Aut\u00f3nomo Decentralizado de Esmeraldas y otros actores claves de la provincia verde.<\/p>\n<p style=\"text-align: justify;\">Durante el encuentro se logr\u00f3 compartir y acordar conceptos sobre biodiversidad, cambio clim\u00e1tico y desarrollo sostenible que constituye el contenido y alcance del Programa ProCamB\u00edo, propuesto por la direcci\u00f3n provincial de Esmeraldas.<\/p>\n<p style=\"text-align: justify;\">\n","protected":false},"excerpt":{"rendered":"<p class=\"excerpt\">El Ministerio del Ambiente, a trav\u00e9s del Programa de Cambio Clim\u00e1tico, Biodiversidad y Desarrollo Sostenible (ProCamB\u00edo) y la Cooperaci\u00f3n Alemana al Desarrollo (GIZ)\u00a0 realizaron el pasado 1 de abril el \u201cTaller de Planificaci\u00f3n Estrat\u00e9gica y Operativa de la Regi\u00f3n Esmeraldas\u201d. Este evento se desarroll\u00f3 en el Centro Santa Cruz de la Pontificia Universidad Cat\u00f3lica del Ecuador, Sede Esmeraldas. El principal&hellip; <a href=\"https:\/\/www.ambienteyenergia.gob.ec\/ambiente\/taller-de-planificacion-estrategica-y-operativa-de-la-region-esmeraldas\/\">Read more &rarr;<\/a><\/p>\n","protected":false},"author":13,"featured_media":19107,"comment_status":"open","ping_status":"open","sticky":false,"template":"","format":"standard","meta":{"footnotes":""},"categories":[16,4],"tags":[],"class_list":["post-19106","post","type-post","status-publish","format-standard","has-post-thumbnail","hentry","category-comunicamos","category-noticias","xfolkentry"],"_links":{"self":[{"href":"https:\/\/www.ambienteyenergia.gob.ec\/ambiente\/wp-json\/wp\/v2\/posts\/19106","targetHints":{"allow":["GET"]}}],"collection":[{"href":"https:\/\/www.ambienteyenergia.gob.ec\/ambiente\/wp-json\/wp\/v2\/posts"}],"about":[{"href":"https:\/\/www.ambienteyenergia.gob.ec\/ambiente\/wp-json\/wp\/v2\/types\/post"}],"author":[{"embeddable":true,"href":"https:\/\/www.ambienteyenergia.gob.ec\/ambiente\/wp-json\/wp\/v2\/users\/13"}],"replies":[{"embeddable":true,"href":"https:\/\/www.ambienteyenergia.gob.ec\/ambiente\/wp-json\/wp\/v2\/comments?post=19106"}],"version-history":[{"count":0,"href":"https:\/\/www.ambienteyenergia.gob.ec\/ambiente\/wp-json\/wp\/v2\/posts\/19106\/revisions"}],"wp:featuredmedia":[{"embeddable":true,"href":"https:\/\/www.ambienteyenergia.gob.ec\/ambiente\/wp-json\/wp\/v2\/media\/19107"}],"wp:attachment":[{"href":"https:\/\/www.ambienteyenergia.gob.ec\/ambiente\/wp-json\/wp\/v2\/media?parent=19106"}],"wp:term":[{"taxonomy":"category","embeddable":true,"href":"https:\/\/www.ambienteyenergia.gob.ec\/ambiente\/wp-json\/wp\/v2\/categories?post=19106"},{"taxonomy":"post_tag","embeddable":true,"href":"https:\/\/www.ambienteyenergia.gob.ec\/ambiente\/wp-json\/wp\/v2\/tags?post=19106"}],"curies":[{"name":"wp","href":"https:\/\/api.w.org\/{rel}","templated":true}]}}