{"id":19098,"date":"2014-04-03T11:45:32","date_gmt":"2014-04-03T16:45:32","guid":{"rendered":"http:\/\/www.ambiente.gob.ec\/?p=19098"},"modified":"2014-04-03T12:07:00","modified_gmt":"2014-04-03T17:07:00","slug":"reunion-con-las-autoridades-electas-de-los-cantones-de-la-provincia-de-esmeraldas","status":"publish","type":"post","link":"https:\/\/www.ambienteyenergia.gob.ec\/ambiente\/reunion-con-las-autoridades-electas-de-los-cantones-de-la-provincia-de-esmeraldas\/","title":{"rendered":"MAE se reuni\u00f3 con autoridades electas de los cantones de la provincia de Esmeraldas"},"content":{"rendered":"<p lang=\"es-ES\" style=\"text-align: justify;\" align=\"JUSTIFY\"><span style=\"color: #000000;\">El Ministerio del Ambiente del Ecuador (MAE), a trav\u00e9s de la Direcci\u00f3n Provincial de Esmeraldas, sostuvo el pasado 1 de abril, una reuni\u00f3n de trabajo con los representantes electos de los Gobiernos Aut\u00f3nomos Descentralizados Municipales de la provincia de Esmeraldas.<\/span><\/p>\n<p lang=\"es-ES\" style=\"text-align: justify;\" align=\"JUSTIFY\"><span style=\"color: #000000;\">En dicha reuni\u00f3n, la Directora Provincial de Esmeraldas, Lcda. Narcisa C\u00e1rdenas inform\u00f3 a los Alcaldes y Concejales electos, sobre la problem\u00e1tica ambiental de cada uno de sus cantones, adem\u00e1s socializ\u00f3 sobre los avances en materia ambiental que se ha dado en la provincia verde.<\/span><\/p>\n<p lang=\"es-ES\" style=\"text-align: justify;\" align=\"JUSTIFY\"><span style=\"color: #000000;\">Por tal motivo se explic\u00f3, a los asistentes, la normativa ambiental, las sanciones en caso de incumplimiento y las herramientas que \u00e9sta Cartera de Estado, ha implementado para facilitar a los ciudadanos la regularizaci\u00f3n y obtenci\u00f3n de licencias ambientales.<\/span><\/p>\n<p lang=\"es-ES\" style=\"text-align: justify;\" align=\"JUSTIFY\"><span style=\"color: #000000;\">Las autoridades electas, manifestaron su preocupaci\u00f3n por la problem\u00e1tica ambiental de sus cantones, y expresaron su predisposici\u00f3n y compromiso en trabajar conjuntamente para mejorar la situaci\u00f3n actual en cumplimiento de la normativa ambiental y por el bienestar de la ciudadan\u00eda esmeralde\u00f1a. <\/span><\/p>\n<p lang=\"zxx\" style=\"text-align: justify;\" align=\"JUSTIFY\">\n","protected":false},"excerpt":{"rendered":"<p class=\"excerpt\">El Ministerio del Ambiente del Ecuador (MAE), a trav\u00e9s de la Direcci\u00f3n Provincial de Esmeraldas, sostuvo el pasado 1 de abril, una reuni\u00f3n de trabajo con los representantes electos de los Gobiernos Aut\u00f3nomos Descentralizados Municipales de la provincia de Esmeraldas. En dicha reuni\u00f3n, la Directora Provincial de Esmeraldas, Lcda. Narcisa C\u00e1rdenas inform\u00f3 a los Alcaldes y Concejales electos, sobre la&hellip; <a href=\"https:\/\/www.ambienteyenergia.gob.ec\/ambiente\/reunion-con-las-autoridades-electas-de-los-cantones-de-la-provincia-de-esmeraldas\/\">Read more &rarr;<\/a><\/p>\n","protected":false},"author":13,"featured_media":19100,"comment_status":"open","ping_status":"open","sticky":false,"template":"","format":"standard","meta":{"footnotes":""},"categories":[16,4],"tags":[],"class_list":["post-19098","post","type-post","status-publish","format-standard","has-post-thumbnail","hentry","category-comunicamos","category-noticias","xfolkentry"],"_links":{"self":[{"href":"https:\/\/www.ambienteyenergia.gob.ec\/ambiente\/wp-json\/wp\/v2\/posts\/19098","targetHints":{"allow":["GET"]}}],"collection":[{"href":"https:\/\/www.ambienteyenergia.gob.ec\/ambiente\/wp-json\/wp\/v2\/posts"}],"about":[{"href":"https:\/\/www.ambienteyenergia.gob.ec\/ambiente\/wp-json\/wp\/v2\/types\/post"}],"author":[{"embeddable":true,"href":"https:\/\/www.ambienteyenergia.gob.ec\/ambiente\/wp-json\/wp\/v2\/users\/13"}],"replies":[{"embeddable":true,"href":"https:\/\/www.ambienteyenergia.gob.ec\/ambiente\/wp-json\/wp\/v2\/comments?post=19098"}],"version-history":[{"count":0,"href":"https:\/\/www.ambienteyenergia.gob.ec\/ambiente\/wp-json\/wp\/v2\/posts\/19098\/revisions"}],"wp:featuredmedia":[{"embeddable":true,"href":"https:\/\/www.ambienteyenergia.gob.ec\/ambiente\/wp-json\/wp\/v2\/media\/19100"}],"wp:attachment":[{"href":"https:\/\/www.ambienteyenergia.gob.ec\/ambiente\/wp-json\/wp\/v2\/media?parent=19098"}],"wp:term":[{"taxonomy":"category","embeddable":true,"href":"https:\/\/www.ambienteyenergia.gob.ec\/ambiente\/wp-json\/wp\/v2\/categories?post=19098"},{"taxonomy":"post_tag","embeddable":true,"href":"https:\/\/www.ambienteyenergia.gob.ec\/ambiente\/wp-json\/wp\/v2\/tags?post=19098"}],"curies":[{"name":"wp","href":"https:\/\/api.w.org\/{rel}","templated":true}]}}