{"id":19095,"date":"2014-04-03T11:16:57","date_gmt":"2014-04-03T16:16:57","guid":{"rendered":"http:\/\/www.ambiente.gob.ec\/?p=19095"},"modified":"2014-04-03T11:16:57","modified_gmt":"2014-04-03T16:16:57","slug":"reserva-ecologica-el-angel-cuenta-con-nuevas-estaciones-de-descanso-para-los-turistas","status":"publish","type":"post","link":"https:\/\/www.ambienteyenergia.gob.ec\/ambiente\/reserva-ecologica-el-angel-cuenta-con-nuevas-estaciones-de-descanso-para-los-turistas\/","title":{"rendered":"Reserva Ecol\u00f3gica El \u00c1ngel cuenta con nuevas estaciones de descanso para los turistas"},"content":{"rendered":"<p style=\"text-align: justify;\">Con el prop\u00f3sito de brindar todas las facilidades tur\u00edsticas y un servicio de calidad a los visitantes de la Reserva Ecol\u00f3gica El \u00c1ngel, el Ministerio del Ambiente del Ecuador (MAE) trabaja actualmente en el mejoramiento de su infraestructura, especialmente, en la readecuaci\u00f3n e implementaci\u00f3n de las estaciones de descanso en el sendero El Voladero, ubicado dentro del \u00e1rea protegida.<\/p>\n<p style=\"text-align: justify;\">Para la construcci\u00f3n de esta obra se coordin\u00f3 con las direcciones provinciales de Imbabura y Esmeraldas para reutilizar la madera incautada en los operativos efectuados en el Estado de Excepci\u00f3n decretado en 2013. Alrededor de 20 m\u00b3 de madera de chanul fueron empleadas en la obra ecol\u00f3gica.<\/p>\n<p style=\"text-align: justify;\">El dise\u00f1o de las estaciones de descanso tuvo el asesoramiento de t\u00e9cnicos especializados, que junto con funcionarios de la Direcci\u00f3n Provincial del Carchi, guardaparques de la reserva y pobladores de la comuna de La Libertad participaron en una minga para derrocar las cuatro estaciones deterioradas y construir la nueva infraestructura.<\/p>\n<p style=\"text-align: justify;\">\u00a0La Ministra del Ambiente, Lorena Tapia, recalca que \u201clas nuevas estaciones de descanso tienen un dise\u00f1o que guarda armon\u00eda con la naturaleza y permiten al usuario estar m\u00e1s cerca de la fauna, priorizando su bienestar\u201d.<\/p>\n<p style=\"text-align: justify;\">Agreg\u00f3 tambi\u00e9n, que para este a\u00f1o, esta Cartera de Estado continuar\u00e1 con el mantenimiento de la infraestructura y la construcci\u00f3n de proyectos que brinden m\u00e1s comodidades al turista, usando sustentablemente los recursos naturales que tiene el Ecuador y as\u00ed fortalecer el turismo comunitario<\/p>\n","protected":false},"excerpt":{"rendered":"<p class=\"excerpt\">Con el prop\u00f3sito de brindar todas las facilidades tur\u00edsticas y un servicio de calidad a los visitantes de la Reserva Ecol\u00f3gica El \u00c1ngel, el Ministerio del Ambiente del Ecuador (MAE) trabaja actualmente en el mejoramiento de su infraestructura, especialmente, en la readecuaci\u00f3n e implementaci\u00f3n de las estaciones de descanso en el sendero El Voladero, ubicado dentro del \u00e1rea protegida. Para&hellip; <a href=\"https:\/\/www.ambienteyenergia.gob.ec\/ambiente\/reserva-ecologica-el-angel-cuenta-con-nuevas-estaciones-de-descanso-para-los-turistas\/\">Read more &rarr;<\/a><\/p>\n","protected":false},"author":13,"featured_media":19096,"comment_status":"open","ping_status":"open","sticky":false,"template":"","format":"standard","meta":{"footnotes":""},"categories":[16,4],"tags":[],"class_list":["post-19095","post","type-post","status-publish","format-standard","has-post-thumbnail","hentry","category-comunicamos","category-noticias","xfolkentry"],"_links":{"self":[{"href":"https:\/\/www.ambienteyenergia.gob.ec\/ambiente\/wp-json\/wp\/v2\/posts\/19095","targetHints":{"allow":["GET"]}}],"collection":[{"href":"https:\/\/www.ambienteyenergia.gob.ec\/ambiente\/wp-json\/wp\/v2\/posts"}],"about":[{"href":"https:\/\/www.ambienteyenergia.gob.ec\/ambiente\/wp-json\/wp\/v2\/types\/post"}],"author":[{"embeddable":true,"href":"https:\/\/www.ambienteyenergia.gob.ec\/ambiente\/wp-json\/wp\/v2\/users\/13"}],"replies":[{"embeddable":true,"href":"https:\/\/www.ambienteyenergia.gob.ec\/ambiente\/wp-json\/wp\/v2\/comments?post=19095"}],"version-history":[{"count":0,"href":"https:\/\/www.ambienteyenergia.gob.ec\/ambiente\/wp-json\/wp\/v2\/posts\/19095\/revisions"}],"wp:featuredmedia":[{"embeddable":true,"href":"https:\/\/www.ambienteyenergia.gob.ec\/ambiente\/wp-json\/wp\/v2\/media\/19096"}],"wp:attachment":[{"href":"https:\/\/www.ambienteyenergia.gob.ec\/ambiente\/wp-json\/wp\/v2\/media?parent=19095"}],"wp:term":[{"taxonomy":"category","embeddable":true,"href":"https:\/\/www.ambienteyenergia.gob.ec\/ambiente\/wp-json\/wp\/v2\/categories?post=19095"},{"taxonomy":"post_tag","embeddable":true,"href":"https:\/\/www.ambienteyenergia.gob.ec\/ambiente\/wp-json\/wp\/v2\/tags?post=19095"}],"curies":[{"name":"wp","href":"https:\/\/api.w.org\/{rel}","templated":true}]}}