{"id":19091,"date":"2014-04-03T11:12:31","date_gmt":"2014-04-03T16:12:31","guid":{"rendered":"http:\/\/www.ambiente.gob.ec\/?p=19091"},"modified":"2014-04-03T12:08:57","modified_gmt":"2014-04-03T17:08:57","slug":"campana-tradicion-y-conservacion-van-de-la-mano-se-socializa-en-esmeraldas","status":"publish","type":"post","link":"https:\/\/www.ambienteyenergia.gob.ec\/ambiente\/campana-tradicion-y-conservacion-van-de-la-mano-se-socializa-en-esmeraldas\/","title":{"rendered":"Campa\u00f1a &#8216;Tradici\u00f3n y conservaci\u00f3n van de la mano&#8217; se socializa en Esmeraldas"},"content":{"rendered":"<p>El Ministerio del Ambiente, a trav\u00e9s de la Direcci\u00f3n Provincial de Ambiente de Esmeraldas, en conjunto con la Polic\u00eda Nacional y el\u00a0Mons. Eugenio Arellano Fern\u00e1ndez Obispo Vicario Apost\u00f3lico de Esmeraldas, brindaron una rueda de prensa para medios de comunicaci\u00f3n locales de la provincia, donde se inform\u00f3 sobre la campa\u00f1a \u201cTradici\u00f3n y Conservaci\u00f3n van de la mano\u201d con el objetivo evitar la comercializaci\u00f3n de ramos elaborados con palma de cera.<\/p>\n<p align=\"JUSTIFY\">Esta especie se caracteriza por ser el hogar de dos especies de aves, el loro Orejiamarillo y del Perico Cachetidorado, los cuales en la actualidad se encuentran en peligro de extinci\u00f3n.<\/p>\n<p align=\"JUSTIFY\">Como parte de la campa\u00f1a la direcci\u00f3n provincial ha realizado, a lo largo del mes de marzo, la socializaci\u00f3n de esta campa\u00f1a por medio del <em>hashtag<\/em> #TradicionyConservacion van de la mano\u00b4 en Twitter. Adem\u00e1s de emitir cu\u00f1as, spot y brindar ruedas de prensas en medios masivos de comunicaci\u00f3n local, en las que la m\u00e1xima autoridad provincial Lcda. Narcisa C\u00e1rdenas Araujo ha sido la vocera oficial de esta iniciativa.<\/p>\n<p align=\"JUSTIFY\">Por su parte el Mons. Eugenio Arellano Fern\u00e1ndez Obispo Vicario Apost\u00f3lico de Esmeraldas, se comprometi\u00f3 a colaborar en los controles para que en los alrededores de las iglesias no se realice la comercializaci\u00f3n de la palma de ramo.<\/p>\n<p align=\"JUSTIFY\">En la actualidad el MAE busca potencializar la utilizaci\u00f3n de ramos elaborados con materiales alternativos como el romero, array\u00e1n, manzanilla, hojas y flores de ma\u00edz, totora, espigas de trigo y cebada, sigse, paja, cipr\u00e9s y laurel, entre otras que pueden servir como remplazo para la palma de cera.<\/p>\n<p align=\"JUSTIFY\">Esta cartera de estado invita a la ciudadan\u00eda en general a formar parte de esta campa\u00f1a haciendo conciencia de la afectaci\u00f3n que generamos al ecosistema al comprar, vender y hacer uso de la palma de cera.<\/p>\n","protected":false},"excerpt":{"rendered":"<p class=\"excerpt\">El Ministerio del Ambiente, a trav\u00e9s de la Direcci\u00f3n Provincial de Ambiente de Esmeraldas, en conjunto con la Polic\u00eda Nacional y el\u00a0Mons. Eugenio Arellano Fern\u00e1ndez Obispo Vicario Apost\u00f3lico de Esmeraldas, brindaron una rueda de prensa para medios de comunicaci\u00f3n locales de la provincia, donde se inform\u00f3 sobre la campa\u00f1a \u201cTradici\u00f3n y Conservaci\u00f3n van de la mano\u201d con el objetivo evitar&hellip; <a href=\"https:\/\/www.ambienteyenergia.gob.ec\/ambiente\/campana-tradicion-y-conservacion-van-de-la-mano-se-socializa-en-esmeraldas\/\">Read more &rarr;<\/a><\/p>\n","protected":false},"author":13,"featured_media":19093,"comment_status":"open","ping_status":"open","sticky":false,"template":"","format":"standard","meta":{"footnotes":""},"categories":[16,4],"tags":[],"class_list":["post-19091","post","type-post","status-publish","format-standard","has-post-thumbnail","hentry","category-comunicamos","category-noticias","xfolkentry"],"_links":{"self":[{"href":"https:\/\/www.ambienteyenergia.gob.ec\/ambiente\/wp-json\/wp\/v2\/posts\/19091","targetHints":{"allow":["GET"]}}],"collection":[{"href":"https:\/\/www.ambienteyenergia.gob.ec\/ambiente\/wp-json\/wp\/v2\/posts"}],"about":[{"href":"https:\/\/www.ambienteyenergia.gob.ec\/ambiente\/wp-json\/wp\/v2\/types\/post"}],"author":[{"embeddable":true,"href":"https:\/\/www.ambienteyenergia.gob.ec\/ambiente\/wp-json\/wp\/v2\/users\/13"}],"replies":[{"embeddable":true,"href":"https:\/\/www.ambienteyenergia.gob.ec\/ambiente\/wp-json\/wp\/v2\/comments?post=19091"}],"version-history":[{"count":0,"href":"https:\/\/www.ambienteyenergia.gob.ec\/ambiente\/wp-json\/wp\/v2\/posts\/19091\/revisions"}],"wp:featuredmedia":[{"embeddable":true,"href":"https:\/\/www.ambienteyenergia.gob.ec\/ambiente\/wp-json\/wp\/v2\/media\/19093"}],"wp:attachment":[{"href":"https:\/\/www.ambienteyenergia.gob.ec\/ambiente\/wp-json\/wp\/v2\/media?parent=19091"}],"wp:term":[{"taxonomy":"category","embeddable":true,"href":"https:\/\/www.ambienteyenergia.gob.ec\/ambiente\/wp-json\/wp\/v2\/categories?post=19091"},{"taxonomy":"post_tag","embeddable":true,"href":"https:\/\/www.ambienteyenergia.gob.ec\/ambiente\/wp-json\/wp\/v2\/tags?post=19091"}],"curies":[{"name":"wp","href":"https:\/\/api.w.org\/{rel}","templated":true}]}}