{"id":19086,"date":"2014-04-03T10:15:13","date_gmt":"2014-04-03T15:15:13","guid":{"rendered":"http:\/\/www.ambiente.gob.ec\/?p=19086"},"modified":"2014-04-03T10:16:59","modified_gmt":"2014-04-03T15:16:59","slug":"taller-de-educacion-ambiental-sobre-uso-y-manejo-del-agua-y-la-no-utilizacion-de-palma-de-cera","status":"publish","type":"post","link":"https:\/\/www.ambienteyenergia.gob.ec\/ambiente\/taller-de-educacion-ambiental-sobre-uso-y-manejo-del-agua-y-la-no-utilizacion-de-palma-de-cera\/","title":{"rendered":"Taller de Educaci\u00f3n Ambiental sobre uso y manejo del agua y la no utilizaci\u00f3n de Palma de Cera"},"content":{"rendered":"<p style=\"text-align: justify;\" align=\"JUSTIFY\"><span style=\"font-family: Helvetica, sans-serif;\"><span>El Ministerio del Ambiente, por medio de la Direcci\u00f3n Provincial del Ambiente de Imbabura, realiz\u00f3 ayer un Taller de Educaci\u00f3n Ambiental, en las Escuelas \u201cJij\u00f3n Caama\u00f1o y Flores\u201d y \u201cAbd\u00f3n Calder\u00f3n\u201d del cant\u00f3n Urcuqui, con la presencia de t\u00e9cnicos de la Reserva Ecol\u00f3gica Cotacachi Cayapas del Distrito Pi\u00f1\u00e1n.<\/span><\/span><\/p>\n<p style=\"text-align: justify;\" align=\"JUSTIFY\"><span style=\"font-family: Helvetica, sans-serif;\"><span>En el taller, que cont\u00f3 con la participaci\u00f3n de 100 estudiantes y 4 docentes, se trat\u00f3 sobre el uso y manejo del agua, y buenas practicas del consumo del l\u00edquido vital, as\u00ed como tambi\u00e9n se les informo sobre la campa\u00f1a \u201cTradici\u00f3n y Conservaci\u00f3n van de la mano\u201d.<\/span><\/span><\/p>\n<p style=\"text-align: justify;\" align=\"JUSTIFY\"><span style=\"font-family: Helvetica, sans-serif;\"><span><b><strong>Programas y proyectos de conservaci\u00f3n del agua <\/strong><\/b><\/span><\/span><\/p>\n<p style=\"text-align: justify;\" align=\"JUSTIFY\"><span style=\"font-family: Helvetica, sans-serif;\"><span>En ese sentido, el Ministerio del Ambiente del Ecuador (MAE), a trav\u00e9s de la Subsecretar\u00eda de Cambio Clim\u00e1tico, cuenta con algunos proyectos encaminados a la conservaci\u00f3n y protecci\u00f3n del l\u00edquido vital como el manejo integral de las cuencas hidrogr\u00e1ficas, monitoreo de variables hidrometereol\u00f3gicas, enfoque ecosist\u00e9mico en alta monta\u00f1a y adaptaci\u00f3n de los ecosistemas ante los efectos del cambio clim\u00e1tico, entre otros.<\/span><\/span><\/p>\n<p style=\"text-align: justify;\" align=\"JUSTIFY\"><span style=\"font-family: Helvetica, sans-serif;\"><span>Uno de ellos, es el \u201cAn\u00e1lisis de la vulnerabilidad de las centrales hidroel\u00e9ctricas emblem\u00e1ticas ante los efectos del cambio clim\u00e1tico en siete subcuencas hidrogr\u00e1ficas del Ecuador\u201d, que tiene como objetivo minimizar eventuales reducciones de producci\u00f3n hidroel\u00e9ctrica a partir de la implementaci\u00f3n de medidas de adaptaci\u00f3n al cambio clim\u00e1tico, como el manejo integral de cuencas hidrogr\u00e1ficas.<\/span><\/span><\/p>\n<p style=\"text-align: justify;\" align=\"JUSTIFY\"><strong><span style=\"font-family: Helvetica, sans-serif;\">Palma de Cera (Domingo de Ramos)<\/span><\/strong><\/p>\n<p style=\"text-align: justify;\" align=\"JUSTIFY\"><span style=\"font-family: Helvetica, sans-serif;\"><span>En las jornadas de trabajo que se efect\u00faan a nivel nacional, se ha expuesto la importancia biol\u00f3gica y ecol\u00f3gica que tiene la palma de cera dentro de los ecosistemas, por ser una fuente de alimento y refugio para varias especies de vida silvestre, especialmente para el Loro Orejiamarillo y el Perico Cachetidorado, espec\u00edmenes en grave peligro de extinci\u00f3n.<\/span><\/span><\/p>\n<p style=\"text-align: justify;\" align=\"JUSTIFY\"><span style=\"font-family: Helvetica, sans-serif;\"><span>La principal amenaza esta especie de palma es la deforestaci\u00f3n de los bosques nublados. Pero se agrava cuando las personas cortan las palmas, especialmente las especies j\u00f3venes.<\/span><\/span><\/p>\n<p style=\"text-align: justify;\" align=\"JUSTIFY\"><span style=\"font-family: Helvetica, sans-serif;\"><span>Por esta raz\u00f3n, el MAE busca concienciar a la ciudadan\u00eda para que no compre, ni utilice la palma de cera.<\/span><\/span><\/p>\n","protected":false},"excerpt":{"rendered":"<p class=\"excerpt\">El Ministerio del Ambiente, por medio de la Direcci\u00f3n Provincial del Ambiente de Imbabura, realiz\u00f3 ayer un Taller de Educaci\u00f3n Ambiental, en las Escuelas \u201cJij\u00f3n Caama\u00f1o y Flores\u201d y \u201cAbd\u00f3n Calder\u00f3n\u201d del cant\u00f3n Urcuqui, con la presencia de t\u00e9cnicos de la Reserva Ecol\u00f3gica Cotacachi Cayapas del Distrito Pi\u00f1\u00e1n. En el taller, que cont\u00f3 con la participaci\u00f3n de 100 estudiantes y&hellip; <a href=\"https:\/\/www.ambienteyenergia.gob.ec\/ambiente\/taller-de-educacion-ambiental-sobre-uso-y-manejo-del-agua-y-la-no-utilizacion-de-palma-de-cera\/\">Read more &rarr;<\/a><\/p>\n","protected":false},"author":13,"featured_media":19087,"comment_status":"open","ping_status":"open","sticky":false,"template":"","format":"standard","meta":{"footnotes":""},"categories":[16,4],"tags":[],"class_list":["post-19086","post","type-post","status-publish","format-standard","has-post-thumbnail","hentry","category-comunicamos","category-noticias","xfolkentry"],"_links":{"self":[{"href":"https:\/\/www.ambienteyenergia.gob.ec\/ambiente\/wp-json\/wp\/v2\/posts\/19086","targetHints":{"allow":["GET"]}}],"collection":[{"href":"https:\/\/www.ambienteyenergia.gob.ec\/ambiente\/wp-json\/wp\/v2\/posts"}],"about":[{"href":"https:\/\/www.ambienteyenergia.gob.ec\/ambiente\/wp-json\/wp\/v2\/types\/post"}],"author":[{"embeddable":true,"href":"https:\/\/www.ambienteyenergia.gob.ec\/ambiente\/wp-json\/wp\/v2\/users\/13"}],"replies":[{"embeddable":true,"href":"https:\/\/www.ambienteyenergia.gob.ec\/ambiente\/wp-json\/wp\/v2\/comments?post=19086"}],"version-history":[{"count":0,"href":"https:\/\/www.ambienteyenergia.gob.ec\/ambiente\/wp-json\/wp\/v2\/posts\/19086\/revisions"}],"wp:featuredmedia":[{"embeddable":true,"href":"https:\/\/www.ambienteyenergia.gob.ec\/ambiente\/wp-json\/wp\/v2\/media\/19087"}],"wp:attachment":[{"href":"https:\/\/www.ambienteyenergia.gob.ec\/ambiente\/wp-json\/wp\/v2\/media?parent=19086"}],"wp:term":[{"taxonomy":"category","embeddable":true,"href":"https:\/\/www.ambienteyenergia.gob.ec\/ambiente\/wp-json\/wp\/v2\/categories?post=19086"},{"taxonomy":"post_tag","embeddable":true,"href":"https:\/\/www.ambienteyenergia.gob.ec\/ambiente\/wp-json\/wp\/v2\/tags?post=19086"}],"curies":[{"name":"wp","href":"https:\/\/api.w.org\/{rel}","templated":true}]}}