{"id":19080,"date":"2014-04-03T09:18:39","date_gmt":"2014-04-03T14:18:39","guid":{"rendered":"http:\/\/www.ambiente.gob.ec\/?p=19080"},"modified":"2014-04-04T18:05:05","modified_gmt":"2014-04-04T23:05:05","slug":"mae-reintroduce-fauna-silvestre-en-el-parque-nacional-yasuni","status":"publish","type":"post","link":"https:\/\/www.ambienteyenergia.gob.ec\/ambiente\/mae-reintroduce-fauna-silvestre-en-el-parque-nacional-yasuni\/","title":{"rendered":"PNY cuenta con 27 espec\u00edmenes reinsertados, correspondientes a 5 especies"},"content":{"rendered":"<p style=\"text-align: justify;\" align=\"JUSTIFY\"><span style=\"font-family: Helvetica, sans-serif;\">El Ministerio del Ambiente, a trav\u00e9s de la Direcci\u00f3n Provincial del Ambiente de Orellana, con el objetivo de proteger la flora y fauna silvestre, reintrodujo a su h\u00e1bitat natural a 27 especies de fauna silvestres, el pasado 25 de marzo en el Parque Nacional Yasun\u00ed. \u00c9stos espec\u00edmenes fueron recuperados en operativos de control al tr\u00e1fico y tenencia ilegal de animales silvestres.<\/span><\/p>\n<p style=\"text-align: justify;\" align=\"JUSTIFY\"><span style=\"font-family: Helvetica, sans-serif;\">Se reintrodujeron al medio silvestre un total de 20 tortugas motelo (<i>Chelonoidis denticulata<\/i>), 3 caimanes blancos (<i>Paelosuchus trigonatus<\/i>), 1 boa (<i>boa constrictor<\/i>), 2 anacondas (<i>Eunectes murinus<\/i>) y 1 oso perezoso de tres dedos (<i>Bradypus variegatus<\/i>).<\/span><\/p>\n<p style=\"text-align: justify;\" align=\"JUSTIFY\"><span style=\"font-family: Helvetica, sans-serif;\">Esta actividad se realiz\u00f3 en coordinaci\u00f3n con la Jefatura del Parque Nacional Yasun\u00ed, la cual brind\u00f3 las facilidades necesarias para liberar a estas especies, en la Guardiania de la comunidad Kichwa A\u00f1angu, parte del \u00e1rea protegida, lo que garantiza a estos espec\u00edmenes la seguridad necesaria para evitar ser recapturados.<\/span><\/p>\n<p style=\"text-align: justify;\" align=\"JUSTIFY\"><span style=\"font-family: Helvetica, sans-serif;\">Estos animales se encontraban bajo custodia del Zool\u00f3gico \u201cCOCAZOO\u201d donde fueron sometidos a un proceso de recuperaci\u00f3n y una vez superadas las necesidades de rehabilitaci\u00f3n se dispuso la liberaci\u00f3n en su medio silvestre.<\/span><\/p>\n<p style=\"text-align: justify;\" align=\"JUSTIFY\"><span style=\"font-family: Helvetica, sans-serif;\">Durante el primer trimestre del a\u00f1o se han liberado 68 animales de los cuales el 85% son\u00a0<\/span><span style=\"font-family: Helvetica, sans-serif;\">tortugas.<\/span><\/p>\n<div id='gallery-1' class='gallery galleryid-19080 gallery-columns-3 gallery-size-thumbnail'><dl class='gallery-item'>\n\t\t\t<dt class='gallery-icon portrait'>\n\t\t\t\t<a href='https:\/\/www.ambienteyenergia.gob.ec\/ambiente\/mae-reintroduce-fauna-silvestre-en-el-parque-nacional-yasuni\/1-79\/'><img loading=\"lazy\" decoding=\"async\" width=\"150\" height=\"150\" src=\"https:\/\/www.ambienteyenergia.gob.ec\/ambiente\/wp-content\/uploads\/sites\/2\/2014\/04\/1-150x150.jpg\" class=\"attachment-thumbnail size-thumbnail\" alt=\"\" \/><\/a>\n\t\t\t<\/dt><\/dl><dl class='gallery-item'>\n\t\t\t<dt class='gallery-icon portrait'>\n\t\t\t\t<a href='https:\/\/www.ambienteyenergia.gob.ec\/ambiente\/mae-reintroduce-fauna-silvestre-en-el-parque-nacional-yasuni\/2-63\/'><img loading=\"lazy\" decoding=\"async\" width=\"150\" height=\"150\" src=\"https:\/\/www.ambienteyenergia.gob.ec\/ambiente\/wp-content\/uploads\/sites\/2\/2014\/04\/2-150x150.jpg\" class=\"attachment-thumbnail size-thumbnail\" alt=\"\" \/><\/a>\n\t\t\t<\/dt><\/dl>\n\t\t\t<br style='clear: both' \/>\n\t\t<\/div>\n\n<p style=\"text-align: justify;\" align=\"JUSTIFY\">\n","protected":false},"excerpt":{"rendered":"<p class=\"excerpt\">El Ministerio del Ambiente, a trav\u00e9s de la Direcci\u00f3n Provincial del Ambiente de Orellana, con el objetivo de proteger la flora y fauna silvestre, reintrodujo a su h\u00e1bitat natural a 27 especies de fauna silvestres, el pasado 25 de marzo en el Parque Nacional Yasun\u00ed. \u00c9stos espec\u00edmenes fueron recuperados en operativos de control al tr\u00e1fico y tenencia ilegal de animales&hellip; <a href=\"https:\/\/www.ambienteyenergia.gob.ec\/ambiente\/mae-reintroduce-fauna-silvestre-en-el-parque-nacional-yasuni\/\">Read more &rarr;<\/a><\/p>\n","protected":false},"author":13,"featured_media":19081,"comment_status":"open","ping_status":"open","sticky":false,"template":"","format":"standard","meta":{"footnotes":""},"categories":[16,4],"tags":[],"class_list":["post-19080","post","type-post","status-publish","format-standard","has-post-thumbnail","hentry","category-comunicamos","category-noticias","xfolkentry"],"_links":{"self":[{"href":"https:\/\/www.ambienteyenergia.gob.ec\/ambiente\/wp-json\/wp\/v2\/posts\/19080","targetHints":{"allow":["GET"]}}],"collection":[{"href":"https:\/\/www.ambienteyenergia.gob.ec\/ambiente\/wp-json\/wp\/v2\/posts"}],"about":[{"href":"https:\/\/www.ambienteyenergia.gob.ec\/ambiente\/wp-json\/wp\/v2\/types\/post"}],"author":[{"embeddable":true,"href":"https:\/\/www.ambienteyenergia.gob.ec\/ambiente\/wp-json\/wp\/v2\/users\/13"}],"replies":[{"embeddable":true,"href":"https:\/\/www.ambienteyenergia.gob.ec\/ambiente\/wp-json\/wp\/v2\/comments?post=19080"}],"version-history":[{"count":0,"href":"https:\/\/www.ambienteyenergia.gob.ec\/ambiente\/wp-json\/wp\/v2\/posts\/19080\/revisions"}],"wp:featuredmedia":[{"embeddable":true,"href":"https:\/\/www.ambienteyenergia.gob.ec\/ambiente\/wp-json\/wp\/v2\/media\/19081"}],"wp:attachment":[{"href":"https:\/\/www.ambienteyenergia.gob.ec\/ambiente\/wp-json\/wp\/v2\/media?parent=19080"}],"wp:term":[{"taxonomy":"category","embeddable":true,"href":"https:\/\/www.ambienteyenergia.gob.ec\/ambiente\/wp-json\/wp\/v2\/categories?post=19080"},{"taxonomy":"post_tag","embeddable":true,"href":"https:\/\/www.ambienteyenergia.gob.ec\/ambiente\/wp-json\/wp\/v2\/tags?post=19080"}],"curies":[{"name":"wp","href":"https:\/\/api.w.org\/{rel}","templated":true}]}}