{"id":19077,"date":"2014-04-03T08:28:16","date_gmt":"2014-04-03T13:28:16","guid":{"rendered":"http:\/\/www.ambiente.gob.ec\/?p=19077"},"modified":"2014-04-03T08:28:16","modified_gmt":"2014-04-03T13:28:16","slug":"dpng-participa-en-reunion-con-comunidad-de-floreana","status":"publish","type":"post","link":"https:\/\/www.ambienteyenergia.gob.ec\/ambiente\/dpng-participa-en-reunion-con-comunidad-de-floreana\/","title":{"rendered":"DPNG participa en reuni\u00f3n con comunidad de Floreana"},"content":{"rendered":"<p style=\"text-align: justify;\">La DPNG apoya a la isla Floreana en la continuaci\u00f3n del proceso de formulaci\u00f3n del modelo de desarrollo sostenible.<\/p>\n<p style=\"text-align: justify;\">La Comunidad de la isla Floreana, ubicada al sur del archipi\u00e9lago de Gal\u00e1pagos, se prepara para la estructuraci\u00f3n e implementaci\u00f3n de varios proyectos que se enmarcan dentro del Plan Integral Floreana, herramienta indispensable para el desarrollo sostenible de la isla. Dentro de este plan, se desarroll\u00f3 hace pocas semanas un taller denominado \u201cTransformaci\u00f3n de Conflictos, construyendo la capacidad para mejorar la planificaci\u00f3n colaborativa entre usuarios de Floreana para beneficiar a las comunidades locales y a la conservaci\u00f3n\u201d.<\/p>\n<p style=\"text-align: justify;\">Uno de los compromisos adquiridos por los participantes del taller, entre los que est\u00e1n miembros de la sociedad civil y funcionarios de los ministerios del Ambiente, Agricultura y Turismo, fue presentar en reuni\u00f3n ampliada a la comunidad de la isla Floreana los resultados alcanzados durante este taller.<\/p>\n<p style=\"text-align: justify;\">En este acto p\u00fablico realizado el 22 de marzo, los miembros de la comunidad asistentes agregaron insumos en las diferentes tem\u00e1ticas identificadas durante el taller de la isla Isabela. Por su parte, los representantes de las instituciones participantes aclararon inquietudes y resolvieron temas puntuales, asumiendo compromisos para de forma \u00e1gil dar atenci\u00f3n a problemas dentro del \u00e1mbito de sus competencias.<\/p>\n<p style=\"text-align: justify;\">Con esta iniciativa se aspira que otras instituciones, con claras competencias sobre el desarrollo de la provincia, se sumen a este gran esfuerzo colectivo y de forma conjunta con los habitantes, aportando a la soluci\u00f3n integral de los conflictos, de una manera sostenible que permita el buen vivir de la comunidad de la isla Floreana.<\/p>\n","protected":false},"excerpt":{"rendered":"<p class=\"excerpt\">La DPNG apoya a la isla Floreana en la continuaci\u00f3n del proceso de formulaci\u00f3n del modelo de desarrollo sostenible. La Comunidad de la isla Floreana, ubicada al sur del archipi\u00e9lago de Gal\u00e1pagos, se prepara para la estructuraci\u00f3n e implementaci\u00f3n de varios proyectos que se enmarcan dentro del Plan Integral Floreana, herramienta indispensable para el desarrollo sostenible de la isla. Dentro&hellip; <a href=\"https:\/\/www.ambienteyenergia.gob.ec\/ambiente\/dpng-participa-en-reunion-con-comunidad-de-floreana\/\">Read more &rarr;<\/a><\/p>\n","protected":false},"author":13,"featured_media":19078,"comment_status":"open","ping_status":"open","sticky":false,"template":"","format":"standard","meta":{"footnotes":""},"categories":[16,4],"tags":[],"class_list":["post-19077","post","type-post","status-publish","format-standard","has-post-thumbnail","hentry","category-comunicamos","category-noticias","xfolkentry"],"_links":{"self":[{"href":"https:\/\/www.ambienteyenergia.gob.ec\/ambiente\/wp-json\/wp\/v2\/posts\/19077","targetHints":{"allow":["GET"]}}],"collection":[{"href":"https:\/\/www.ambienteyenergia.gob.ec\/ambiente\/wp-json\/wp\/v2\/posts"}],"about":[{"href":"https:\/\/www.ambienteyenergia.gob.ec\/ambiente\/wp-json\/wp\/v2\/types\/post"}],"author":[{"embeddable":true,"href":"https:\/\/www.ambienteyenergia.gob.ec\/ambiente\/wp-json\/wp\/v2\/users\/13"}],"replies":[{"embeddable":true,"href":"https:\/\/www.ambienteyenergia.gob.ec\/ambiente\/wp-json\/wp\/v2\/comments?post=19077"}],"version-history":[{"count":0,"href":"https:\/\/www.ambienteyenergia.gob.ec\/ambiente\/wp-json\/wp\/v2\/posts\/19077\/revisions"}],"wp:featuredmedia":[{"embeddable":true,"href":"https:\/\/www.ambienteyenergia.gob.ec\/ambiente\/wp-json\/wp\/v2\/media\/19078"}],"wp:attachment":[{"href":"https:\/\/www.ambienteyenergia.gob.ec\/ambiente\/wp-json\/wp\/v2\/media?parent=19077"}],"wp:term":[{"taxonomy":"category","embeddable":true,"href":"https:\/\/www.ambienteyenergia.gob.ec\/ambiente\/wp-json\/wp\/v2\/categories?post=19077"},{"taxonomy":"post_tag","embeddable":true,"href":"https:\/\/www.ambienteyenergia.gob.ec\/ambiente\/wp-json\/wp\/v2\/tags?post=19077"}],"curies":[{"name":"wp","href":"https:\/\/api.w.org\/{rel}","templated":true}]}}