{"id":19057,"date":"2014-04-01T09:10:27","date_gmt":"2014-04-01T14:10:27","guid":{"rendered":"http:\/\/www.ambiente.gob.ec\/?p=19057"},"modified":"2014-04-01T09:10:27","modified_gmt":"2014-04-01T14:10:27","slug":"ministra-lorena-tapia-respondio-inquietudes-ciudadanas-en-mesa-tematica","status":"publish","type":"post","link":"https:\/\/www.ambienteyenergia.gob.ec\/ambiente\/ministra-lorena-tapia-respondio-inquietudes-ciudadanas-en-mesa-tematica\/","title":{"rendered":"Ministra Lorena Tapia respondi\u00f3 inquietudes ciudadanas en mesa tem\u00e1tica"},"content":{"rendered":"<p style=\"text-align: justify;\">En el marco del evento de rendici\u00f3n de cuentas que se realiz\u00f3 en la provincia de Zamora Chinchipe, la Ministra del Ambiente, Lorena Tapia, acompa\u00f1ada de Arturo Izurieta, Director del Parque Nacional Gal\u00e1pagos (DPNG) y Marilyn Cruz, Directora Ejecutiva de la Agencia de Regulaci\u00f3n y Control de la Bioseguridad y Cuarentena para Gal\u00e1pagos (ABG), particip\u00f3 en un conversatorio abierto con ciudadanos interesados en la gesti\u00f3n ambiental.<\/p>\n<p style=\"text-align: justify;\">Cruz explic\u00f3 a los participantes que la competencia de la ABG es controlar, regular, impedir y disminuir el riesgo de la introducci\u00f3n, movimiento y dispersi\u00f3n de organismos ex\u00f3ticos, que pongan en riesgo la salud humana y los ecosistemas de las Islas. Asimismo, asegur\u00f3 que desde su creaci\u00f3n, la ABG adem\u00e1s de las actividades ya mencionadas, contribuye a la conservaci\u00f3n de la integridad ecol\u00f3gica de los ecosistemas insulares y marinos, y la biodiversidad de Gal\u00e1pagos.<\/p>\n<p style=\"text-align: justify;\">Por su parte, Izurieta destac\u00f3 entre sus acciones la erradicaci\u00f3n de roedores en la isla Pinz\u00f3n, la m\u00e1s grande libre de ratas en el Pac\u00edfico, as\u00ed como los trabajos de repatriaci\u00f3n de galapaguitos a esa isla. De la misma forma, expuso las medidas que se ejecutan en coordinaci\u00f3n con la ABG para el control de especies introducidas.<\/p>\n<p style=\"text-align: justify;\">Luego de ambas intervenciones, la M\u00e1xima Autoridad Ambiental respondi\u00f3 a las inquietudes ciudadanas, que en su mayor\u00eda estuvieron enfocadas en el manejo de la gesti\u00f3n integral de residuos s\u00f3lidos, los cap\u00edtulos de restauraci\u00f3n y reforestaci\u00f3n forestal a trav\u00e9s del Programa Socio Bosque y la campa\u00f1a progresiva para la disminuci\u00f3n de fundas pl\u00e1sticas.<\/p>\n<p style=\"text-align: justify;\"><em>\u00abTodo lo que tiene que ver con desechos s\u00f3lidos a nivel nacional est\u00e1 priorizado por este gobierno, que desde el Ministerio del Ambiente del Ecuador, trabaja en el Plan Integral de Residuos S\u00f3lidos, con el fin de marcar una nueva gesti\u00f3n desde la generaci\u00f3n del material hasta su disposici\u00f3n final\u00bb<\/em>, afirm\u00f3 Tapia.<\/p>\n<p style=\"text-align: justify;\">De la misma manera, la Ministra de Estado explic\u00f3 que como MAE se apuesta a que hasta el a\u00f1o 2017, todo el Ecuador habr\u00e1 cerrado sus botaderos a cielo abierto y contar\u00e1 con 80 rellenos sanitarios mancomunados.<\/p>\n<p style=\"text-align: justify;\">Uno de los ciudadanos preocupado por el excesivo uso de fundas pl\u00e1sticas pregunt\u00f3 a la Ministra Tapia sobre las acciones que ejecuta el MAE respecto a este tema. <em>\u00abJustamente, la semana anterior presentamos una campa\u00f1a para la disminuci\u00f3n progresiva de fundas pl\u00e1sticas, empezando por la provincia de Gal\u00e1pagos, que buscamos sea la primera provincia del pa\u00eds en dejar de usar este material da\u00f1ino para el ambiente\u00bb<\/em>, asever\u00f3 Tapia.<\/p>\n<p style=\"text-align: justify;\">Rafael Poveda, Ministro Coordinador de los Sectores Estrat\u00e9gicos, se sum\u00f3 a la plenaria y reiter\u00f3 que estos espacios, parte de la pol\u00edtica p\u00fablica de gesti\u00f3n del Presidente Rafael Correa, promueven estos di\u00e1logos directos con la comunidad, para recibir sus inquietudes y observaciones, que ser\u00e1n respondidas por la Autoridad competente.<\/p>\n<p style=\"text-align: justify;\">Para concluir, Poveda agradeci\u00f3 a la Ministra por su gesti\u00f3n y a la poblaci\u00f3n por participar en este procedimiento que busca exponer la transparencia en todos los procesos ejecutados.<\/p>\n","protected":false},"excerpt":{"rendered":"<p class=\"excerpt\">En el marco del evento de rendici\u00f3n de cuentas que se realiz\u00f3 en la provincia de Zamora Chinchipe, la Ministra del Ambiente, Lorena Tapia, acompa\u00f1ada de Arturo Izurieta, Director del Parque Nacional Gal\u00e1pagos (DPNG) y Marilyn Cruz, Directora Ejecutiva de la Agencia de Regulaci\u00f3n y Control de la Bioseguridad y Cuarentena para Gal\u00e1pagos (ABG), particip\u00f3 en un conversatorio abierto con&hellip; <a href=\"https:\/\/www.ambienteyenergia.gob.ec\/ambiente\/ministra-lorena-tapia-respondio-inquietudes-ciudadanas-en-mesa-tematica\/\">Read more &rarr;<\/a><\/p>\n","protected":false},"author":13,"featured_media":19058,"comment_status":"open","ping_status":"open","sticky":false,"template":"","format":"standard","meta":{"footnotes":""},"categories":[16,4],"tags":[394,108,53,435,436],"class_list":["post-19057","post","type-post","status-publish","format-standard","has-post-thumbnail","hentry","category-comunicamos","category-noticias","tag-direccion-del-parque-nacional-galapagos","tag-lorena-tapia","tag-mae","tag-rendicion-de-cuentas","tag-zamora","xfolkentry"],"_links":{"self":[{"href":"https:\/\/www.ambienteyenergia.gob.ec\/ambiente\/wp-json\/wp\/v2\/posts\/19057","targetHints":{"allow":["GET"]}}],"collection":[{"href":"https:\/\/www.ambienteyenergia.gob.ec\/ambiente\/wp-json\/wp\/v2\/posts"}],"about":[{"href":"https:\/\/www.ambienteyenergia.gob.ec\/ambiente\/wp-json\/wp\/v2\/types\/post"}],"author":[{"embeddable":true,"href":"https:\/\/www.ambienteyenergia.gob.ec\/ambiente\/wp-json\/wp\/v2\/users\/13"}],"replies":[{"embeddable":true,"href":"https:\/\/www.ambienteyenergia.gob.ec\/ambiente\/wp-json\/wp\/v2\/comments?post=19057"}],"version-history":[{"count":0,"href":"https:\/\/www.ambienteyenergia.gob.ec\/ambiente\/wp-json\/wp\/v2\/posts\/19057\/revisions"}],"wp:featuredmedia":[{"embeddable":true,"href":"https:\/\/www.ambienteyenergia.gob.ec\/ambiente\/wp-json\/wp\/v2\/media\/19058"}],"wp:attachment":[{"href":"https:\/\/www.ambienteyenergia.gob.ec\/ambiente\/wp-json\/wp\/v2\/media?parent=19057"}],"wp:term":[{"taxonomy":"category","embeddable":true,"href":"https:\/\/www.ambienteyenergia.gob.ec\/ambiente\/wp-json\/wp\/v2\/categories?post=19057"},{"taxonomy":"post_tag","embeddable":true,"href":"https:\/\/www.ambienteyenergia.gob.ec\/ambiente\/wp-json\/wp\/v2\/tags?post=19057"}],"curies":[{"name":"wp","href":"https:\/\/api.w.org\/{rel}","templated":true}]}}