{"id":19054,"date":"2014-03-31T15:48:33","date_gmt":"2014-03-31T20:48:33","guid":{"rendered":"http:\/\/www.ambiente.gob.ec\/?p=19054"},"modified":"2014-03-31T15:48:33","modified_gmt":"2014-03-31T20:48:33","slug":"venado-de-cola-blanca-rescatado-en-el-oro","status":"publish","type":"post","link":"https:\/\/www.ambienteyenergia.gob.ec\/ambiente\/venado-de-cola-blanca-rescatado-en-el-oro\/","title":{"rendered":"Venado de cola blanca rescatado en El Oro"},"content":{"rendered":"<p align=\"JUSTIFY\"><span style=\"font-family: Helvetica, sans-serif;\">El Ministerio del Ambiente, a trav\u00e9s de la Direcci\u00f3n Provincial del Ambiente de El Oro, logr\u00f3 rescatar un Venado cola blanca <i><b>(Odocoileus peruvianus) <\/b><\/i>que fue encontrado en Palenque, parroquia Loma de Franco, cant\u00f3n Pasaje. El operativo se llev\u00f3 a cabo gracias al trabajo conjunto de la Unidad de Vida Silvestre, la Unidad de Protecci\u00f3n del Medio Ambiental de la Polic\u00eda Nacional (UPMA) y la ayuda de la ciudadan\u00eda de Palenque.<\/span><\/p>\n<p align=\"JUSTIFY\"><span style=\"font-family: Helvetica, sans-serif;\">Luego del rescate, el personal encargado del cuidado del Venado procedi\u00f3 a realizar varias revisiones m\u00e9dicas, por lo cual se comprob\u00f3 que su condici\u00f3n de salud era favorable, es as\u00ed que se lo entreg\u00f3 al Zool\u00f3gico Arenillas, cant\u00f3n Arenillas, lugar que brinda todas las facilidades para el desarrollo y bienestar del animal silvestre. <\/span><\/p>\n<p align=\"JUSTIFY\"><span style=\"font-family: Helvetica, sans-serif;\">El venado cola blanca <i><b>(Odocoileus peruvianus)<\/b><\/i><i>,<\/i><i><b> <\/b><\/i>se encuentra en la lista roja de animales en peligro de extinci\u00f3n, tanto de organismos internacionales como nacionales.<\/span><\/p>\n<p align=\"JUSTIFY\"><span style=\"font-family: Helvetica, sans-serif;\">En por tal motivo que el MAE despliega a nivel nacional m\u00faltiples eventos de educaci\u00f3n ambiental, trabajo comunitario y actividades de vinculaci\u00f3n social con la finalidad de educar a la poblaci\u00f3n en la responsabilidad del cuidado de nuestro planeta. <\/span><\/p>\n<p align=\"JUSTIFY\"><span style=\"font-family: Helvetica, sans-serif;\">El MAE, como principal autoridad ambiental del pa\u00eds, solicita a la poblaci\u00f3n que tenga animales de vida silvestre en cautiverio, los entregue de manera voluntaria, o si conoce de alg\u00fan caso de tenencia ilegal de especies realice su denuncia en la Direcci\u00f3n Provincial del Ambiente de cada una de las provincias, por medio de MAE Transparente (<a href=\"http:\/\/mesadeayuda.ambiente.gob.ec\/otrs\/customer.pl\">http:\/\/mesadeayuda.ambiente.gob.ec\/otrs\/customer.pl<\/a>) y\/o a la Unidad de Protecci\u00f3n del Medio Ambiente de la Polic\u00eda Nacional (02) 2349752\/2190665. <\/span><\/p>\n<p align=\"JUSTIFY\">\n","protected":false},"excerpt":{"rendered":"<p class=\"excerpt\">El Ministerio del Ambiente, a trav\u00e9s de la Direcci\u00f3n Provincial del Ambiente de El Oro, logr\u00f3 rescatar un Venado cola blanca (Odocoileus peruvianus) que fue encontrado en Palenque, parroquia Loma de Franco, cant\u00f3n Pasaje. El operativo se llev\u00f3 a cabo gracias al trabajo conjunto de la Unidad de Vida Silvestre, la Unidad de Protecci\u00f3n del Medio Ambiental de la Polic\u00eda&hellip; <a href=\"https:\/\/www.ambienteyenergia.gob.ec\/ambiente\/venado-de-cola-blanca-rescatado-en-el-oro\/\">Read more &rarr;<\/a><\/p>\n","protected":false},"author":13,"featured_media":19055,"comment_status":"open","ping_status":"open","sticky":false,"template":"","format":"standard","meta":{"footnotes":""},"categories":[16,4],"tags":[],"class_list":["post-19054","post","type-post","status-publish","format-standard","has-post-thumbnail","hentry","category-comunicamos","category-noticias","xfolkentry"],"_links":{"self":[{"href":"https:\/\/www.ambienteyenergia.gob.ec\/ambiente\/wp-json\/wp\/v2\/posts\/19054","targetHints":{"allow":["GET"]}}],"collection":[{"href":"https:\/\/www.ambienteyenergia.gob.ec\/ambiente\/wp-json\/wp\/v2\/posts"}],"about":[{"href":"https:\/\/www.ambienteyenergia.gob.ec\/ambiente\/wp-json\/wp\/v2\/types\/post"}],"author":[{"embeddable":true,"href":"https:\/\/www.ambienteyenergia.gob.ec\/ambiente\/wp-json\/wp\/v2\/users\/13"}],"replies":[{"embeddable":true,"href":"https:\/\/www.ambienteyenergia.gob.ec\/ambiente\/wp-json\/wp\/v2\/comments?post=19054"}],"version-history":[{"count":0,"href":"https:\/\/www.ambienteyenergia.gob.ec\/ambiente\/wp-json\/wp\/v2\/posts\/19054\/revisions"}],"wp:featuredmedia":[{"embeddable":true,"href":"https:\/\/www.ambienteyenergia.gob.ec\/ambiente\/wp-json\/wp\/v2\/media\/19055"}],"wp:attachment":[{"href":"https:\/\/www.ambienteyenergia.gob.ec\/ambiente\/wp-json\/wp\/v2\/media?parent=19054"}],"wp:term":[{"taxonomy":"category","embeddable":true,"href":"https:\/\/www.ambienteyenergia.gob.ec\/ambiente\/wp-json\/wp\/v2\/categories?post=19054"},{"taxonomy":"post_tag","embeddable":true,"href":"https:\/\/www.ambienteyenergia.gob.ec\/ambiente\/wp-json\/wp\/v2\/tags?post=19054"}],"curies":[{"name":"wp","href":"https:\/\/api.w.org\/{rel}","templated":true}]}}