{"id":19047,"date":"2014-03-31T15:10:32","date_gmt":"2014-03-31T20:10:32","guid":{"rendered":"http:\/\/www.ambiente.gob.ec\/?p=19047"},"modified":"2014-04-01T11:02:28","modified_gmt":"2014-04-01T16:02:28","slug":"ministra-del-ambiente-lorena-tapia-rindio-cuentas-sobre-la-gestion-ambiental-2013","status":"publish","type":"post","link":"https:\/\/www.ambienteyenergia.gob.ec\/ambiente\/ministra-del-ambiente-lorena-tapia-rindio-cuentas-sobre-la-gestion-ambiental-2013\/","title":{"rendered":"Ministra del Ambiente, Lorena Tapia, rindi\u00f3 cuentas sobre la gesti\u00f3n ambiental 2013"},"content":{"rendered":"<p style=\"text-align: justify;\">Con el fin de transparentar y fomentar la participaci\u00f3n ciudadana en todos los procesos ejecutados en la administraci\u00f3n p\u00fablica, la Ministra del Ambiente, Lorena Tapia, particip\u00f3 hoy, en el evento de rendici\u00f3n de cuentas organizado por el Ministerio Coordinador de los Sectores Estrat\u00e9gicos, que se desarroll\u00f3 en la Unidad Educativa del Milenio Los Encuentros, ubicada en el cant\u00f3n Yantzaza, provincia de Zamora Chinchipe.<\/p>\n<p style=\"text-align: justify;\">El Ministerio del Ambiente del Ecuador (MAE) es uno de los ejes m\u00e1s importantes en la gesti\u00f3n de los sectores estrat\u00e9gicos, pues tiene un enfoque intersectorial que incide tanto en la matriz productiva como en la matriz energ\u00e9tica del pa\u00eds.<\/p>\n<p style=\"text-align: justify;\">En ese sentido, el Ministro Coordinador de los Sectores Estrat\u00e9gicos, Rafael Poveda, asegur\u00f3 que la pol\u00edtica ambiental es fundamental. \u00abEs un eje transversal en todas las actividades que nosotros realizamos\u00bb, expres\u00f3. Entre otros temas, Poveda explic\u00f3 que el aprovechamiento responsable de los recursos mineros en la provincia, aportar\u00e1 a la construcci\u00f3n de obras a nivel nacional. Asimismo, afirm\u00f3 que la decisi\u00f3n de explotar el Bloque 43 del Yasun\u00ed fue tomada en funci\u00f3n de brindarle a la poblaci\u00f3n de la Amazon\u00eda m\u00e1s obras y proyectos que ayudaren a mejorar su calidad de vida.<\/p>\n<p style=\"text-align: justify;\">Por su parte, la Ministra Tapia en su intervenci\u00f3n expuso ante los ciudadanos los logros de esta Cartera de Estado durante el a\u00f1o 2013. \u00abLa misi\u00f3n del Ministerio del Ambiente del Ecuador est\u00e1 centrada en el ejercicio de una rector\u00eda efectiva y eficiente que haga posible articular los tres factores del desarrollo sostenible que son el ambiental, social y econ\u00f3mico\u00bb.<\/p>\n<p style=\"text-align: justify;\">Dentro de la gesti\u00f3n ambiental se determinaron los siguientes ejes estrat\u00e9gicos: la incorporaci\u00f3n del cambio clim\u00e1tico en estrategias de desarrollo; la eficiencia, desempe\u00f1o y regulaci\u00f3n ambiental; la conservaci\u00f3n y aprovechamiento de la biodiversidad; gobernanza forestal y servicios ambientales.<\/p>\n<p style=\"text-align: justify;\">El MAE ha impulsado el cambio clim\u00e1tico para que sea incorporado en cada uno de los proyectos de desarrollo de los Gobiernos Aut\u00f3nomos Descentralizados, con el fin de que la Autoridad Ambiental pueda trabajar de la mano con la poblaci\u00f3n para enfrentar este fen\u00f3meno. Entre los proyectos de adaptaci\u00f3n y mitigaci\u00f3n al cambio clim\u00e1tico, se capacit\u00f3 a 1 802 personas en soberan\u00eda alimentaria y otros aspectos referentes.<\/p>\n<p style=\"text-align: justify;\">Sobre Gobernanza Forestal, Tapia afirm\u00f3 que en este tema es importante \u00abincorporar variables como sistema de incentivos que otorguen a la ciudadan\u00eda nuevas formas de subsistencias para conservar bosques nativos, sistemas de informaci\u00f3n robustos que le permitan a la Autoridad Ambiental vigilar y monitorear los bosques, investigaci\u00f3n, ordenamiento territorial, entre otras\u00bb. En este aspecto, la Declaratoria del Estado de Excepci\u00f3n en Esmeraldas fue un hito hist\u00f3rico que permiti\u00f3 decomisar 2 665 metros c\u00fabicos de madera. Igualmente, durante el 2013 el MAE reforest\u00f3 8 429,12 hect\u00e1reas de bosque con plantas nativas.<\/p>\n<p style=\"text-align: justify;\">Otro de los objetivos del MAE es incrementar la responsabilidad socio-ambiental con miras a reducir el impacto ambiental en la ejecuci\u00f3n de proyectos estrat\u00e9gicos, incrementar la eficiencia y el desempe\u00f1o ambiental.<\/p>\n<p style=\"text-align: justify;\">\u00abNosotros contamos con una certificaci\u00f3n ambiental que trabaja de la mano con el sector p\u00fablico y privado para que el desarrollo productivo sea realizado con energ\u00edas limpias. Punto Verde fomenta una actividad econ\u00f3mica responsable\u00bb, ratific\u00f3 Tapia.<\/p>\n<p style=\"text-align: justify;\">Como parte de ello, seis empresas sumaron el cuidado ambiental, a trav\u00e9s de este incentivo, al compromiso empresarial. Adem\u00e1s, el MAE otorg\u00f3 3 089 permisos ambientales. \u00abAntes de comenzar este Gobierno hab\u00edan muchas actividades econ\u00f3micas que no contaban con permisos que le permitieran a la Autoridad Ambiental hacer un monitoreo efectivo\u00bb, reiter\u00f3 Tapia.<\/p>\n<p style=\"text-align: justify;\">As\u00ed tambi\u00e9n, la Secretar\u00eda de Estado se refiri\u00f3 a la educaci\u00f3n ambiental como una actividad que permite acercarse a los ciudadanos y como parte de eso se pudo capacitar a 1 440 ciudadanos y educar a 23 200 ni\u00f1os y ni\u00f1as en temas como buenas pr\u00e1cticas ambientales y sobre la importancia de conservar los recursos naturales.<\/p>\n<p style=\"text-align: justify;\">Sobre la reducci\u00f3n de la contaminaci\u00f3n y el manejo de residuos s\u00f3lidos, Tapia explic\u00f3 que 221 GADs contaron con respaldo t\u00e9cnico para estudios de preinversi\u00f3n y cierre de botaderos de cielo abierto.<\/p>\n<p style=\"text-align: justify;\">La M\u00e1xima Autoridad Ambiental habl\u00f3 sobre la recuperaci\u00f3n del Estero Salado. \u00abEste es un proyecto emblem\u00e1tico que busca descontaminar las aguas de este importante brazo de mar\u201d.<\/p>\n<p style=\"text-align: justify;\">Finalmente, la Ministra del Ambiente agradeci\u00f3 la asistencia de la ciudadan\u00eda y los invit\u00f3 a seguir trabajando en conjunto para la construcci\u00f3n de un Ecuador Verde, cada vez m\u00e1s responsable con la protecci\u00f3n Ambiental.<\/p>\n<p style=\"text-align: justify;\"><strong>Hitos ambientales 2013<\/strong><\/p>\n<ul>\n<li>117 playas fueron intervenidas con el apoyo de 15 189 voluntarios en seis provincias del pa\u00eds, como parte de la campa\u00f1a Ecuador Limpio, recolectando 47 015,28 kilos de residuos.<\/li>\n<li>1 802 personas fueron capacitadas en cambio clim\u00e1tico y seguridad alimentaria.<\/li>\n<li>10 gobiernos locales integran en sus herramientas de planificaci\u00f3n criterios de adaptaci\u00f3n al cambio clim\u00e1tico.<\/li>\n<li>Se construyeron 20 sistemas de almacenamiento de agua en las cuencas de los r\u00edos Paute, Babahoyo y Jubones.<\/li>\n<li>Durante el Estado de Excepci\u00f3n en Esmeraldas se decomis\u00f3 2 665 metros c\u00fabicos de madera y 8 818 metros c\u00fabicos de madera ilegal retenida en puestos fijos y unidades m\u00f3viles a nivel nacional.<\/li>\n<li>Se redujo en un 80% los incendios forestales en relaci\u00f3n al a\u00f1o 2012, gracias al trabajo conjunto con la ciudadan\u00eda.<\/li>\n<li>En las riberas del Estero Salado, El Muerto y Cobina, se recuperaron 14 hect\u00e1reas de manglar.<\/li>\n<li>53 193 personas se beneficiaron con el plan Guardianes del Estero Salado, que concienci\u00f3 a la ciudadan\u00eda puerta a puerta.<\/li>\n<li>La conservaci\u00f3n es un pilar fundamental, en ese sentido, se suman 126 991 hect\u00e1reas al programa Socio Bosque.<\/li>\n<\/ul>\n","protected":false},"excerpt":{"rendered":"<p class=\"excerpt\">Con el fin de transparentar y fomentar la participaci\u00f3n ciudadana en todos los procesos ejecutados en la administraci\u00f3n p\u00fablica, la Ministra del Ambiente, Lorena Tapia, particip\u00f3 hoy, en el evento de rendici\u00f3n de cuentas organizado por el Ministerio Coordinador de los Sectores Estrat\u00e9gicos, que se desarroll\u00f3 en la Unidad Educativa del Milenio Los Encuentros, ubicada en el cant\u00f3n Yantzaza, provincia&hellip; <a href=\"https:\/\/www.ambienteyenergia.gob.ec\/ambiente\/ministra-del-ambiente-lorena-tapia-rindio-cuentas-sobre-la-gestion-ambiental-2013\/\">Read more &rarr;<\/a><\/p>\n","protected":false},"author":13,"featured_media":19048,"comment_status":"open","ping_status":"open","sticky":false,"template":"","format":"standard","meta":{"footnotes":""},"categories":[16,4,10],"tags":[108,53,437,438,436],"class_list":["post-19047","post","type-post","status-publish","format-standard","has-post-thumbnail","hentry","category-comunicamos","category-noticias","category-noticias-destacadas","tag-lorena-tapia","tag-mae","tag-rendicion-de-cuentas-2013","tag-sectores-estrategicos","tag-zamora","xfolkentry"],"_links":{"self":[{"href":"https:\/\/www.ambienteyenergia.gob.ec\/ambiente\/wp-json\/wp\/v2\/posts\/19047","targetHints":{"allow":["GET"]}}],"collection":[{"href":"https:\/\/www.ambienteyenergia.gob.ec\/ambiente\/wp-json\/wp\/v2\/posts"}],"about":[{"href":"https:\/\/www.ambienteyenergia.gob.ec\/ambiente\/wp-json\/wp\/v2\/types\/post"}],"author":[{"embeddable":true,"href":"https:\/\/www.ambienteyenergia.gob.ec\/ambiente\/wp-json\/wp\/v2\/users\/13"}],"replies":[{"embeddable":true,"href":"https:\/\/www.ambienteyenergia.gob.ec\/ambiente\/wp-json\/wp\/v2\/comments?post=19047"}],"version-history":[{"count":0,"href":"https:\/\/www.ambienteyenergia.gob.ec\/ambiente\/wp-json\/wp\/v2\/posts\/19047\/revisions"}],"wp:featuredmedia":[{"embeddable":true,"href":"https:\/\/www.ambienteyenergia.gob.ec\/ambiente\/wp-json\/wp\/v2\/media\/19048"}],"wp:attachment":[{"href":"https:\/\/www.ambienteyenergia.gob.ec\/ambiente\/wp-json\/wp\/v2\/media?parent=19047"}],"wp:term":[{"taxonomy":"category","embeddable":true,"href":"https:\/\/www.ambienteyenergia.gob.ec\/ambiente\/wp-json\/wp\/v2\/categories?post=19047"},{"taxonomy":"post_tag","embeddable":true,"href":"https:\/\/www.ambienteyenergia.gob.ec\/ambiente\/wp-json\/wp\/v2\/tags?post=19047"}],"curies":[{"name":"wp","href":"https:\/\/api.w.org\/{rel}","templated":true}]}}