{"id":19037,"date":"2014-03-31T10:47:44","date_gmt":"2014-03-31T15:47:44","guid":{"rendered":"http:\/\/www.ambiente.gob.ec\/?p=19037"},"modified":"2014-03-31T10:52:02","modified_gmt":"2014-03-31T15:52:02","slug":"minga-de-reforestacion-para-la-recuperacion-de-sitios-degradados","status":"publish","type":"post","link":"https:\/\/www.ambienteyenergia.gob.ec\/ambiente\/minga-de-reforestacion-para-la-recuperacion-de-sitios-degradados\/","title":{"rendered":"Minga de reforestaci\u00f3n para la recuperaci\u00f3n de sitios degradados"},"content":{"rendered":"<p style=\"text-align: justify;\">El Ministerio del Ambiente, a trav\u00e9s de la Direcci\u00f3n Provincial Ambiental de Imbabura, realiz\u00f3 el pasado 29 de marzo la reforestaci\u00f3n de una hect\u00e1rea en el sector de Hugshapungo, con ayuda del personal de Reserva Ecol\u00f3gica Cotacachi Cayapas y de 30 comuneros del lugar.<\/p>\n<p style=\"text-align: justify;\">Las 500 plantas que se sembraron el d\u00edas s\u00e1bado en la minga pertenecen a la especie\u00a0 Yagual (<i>Polylepis racemosa<\/i>) que provienen del vivero forestal de Cuicocha, en el que se realiza la producci\u00f3n de plantas nativas del sector y beneficia a las familias\u00a0 Hugshapungo.<\/p>\n<p style=\"text-align: justify;\">El MAE contin\u00faa con las actividades de plantaciones, resforestaci\u00f3n y restauraci\u00f3n forestal con el objetivo de proteger, conservar y recuperar\u00a0 las \u00e1reas que han sido alteradas y degradas en tierras ubicadas en el Patrimonio de \u00c1reas Naturales Protegidas, propiedades comunitarias y particulares.<\/p>\n<p style=\"text-align: justify;\">\u00a0<a href=\"http:\/\/www.ambienteyenergia.gob.ec\/ambiente\/wp-content\/uploads\/2014\/03\/24.jpg\"><img loading=\"lazy\" decoding=\"async\" class=\"aligncenter size-full wp-image-19039\" alt=\"Minga\" src=\"http:\/\/www.ambienteyenergia.gob.ec\/ambiente\/wp-content\/uploads\/2014\/03\/24.jpg\" width=\"650\" height=\"488\" srcset=\"https:\/\/www.ambienteyenergia.gob.ec\/ambiente\/wp-content\/uploads\/sites\/2\/2014\/03\/24.jpg 650w, https:\/\/www.ambienteyenergia.gob.ec\/ambiente\/wp-content\/uploads\/sites\/2\/2014\/03\/24-300x225.jpg 300w, https:\/\/www.ambienteyenergia.gob.ec\/ambiente\/wp-content\/uploads\/sites\/2\/2014\/03\/24-399x300.jpg 399w\" sizes=\"auto, (max-width: 650px) 100vw, 650px\" \/><\/a> <a href=\"http:\/\/www.ambienteyenergia.gob.ec\/ambiente\/wp-content\/uploads\/2014\/03\/minga3.jpg\"><img loading=\"lazy\" decoding=\"async\" class=\"aligncenter size-full wp-image-19040\" alt=\"Minga\" src=\"http:\/\/www.ambienteyenergia.gob.ec\/ambiente\/wp-content\/uploads\/2014\/03\/minga3.jpg\" width=\"650\" height=\"488\" srcset=\"https:\/\/www.ambienteyenergia.gob.ec\/ambiente\/wp-content\/uploads\/sites\/2\/2014\/03\/minga3.jpg 650w, https:\/\/www.ambienteyenergia.gob.ec\/ambiente\/wp-content\/uploads\/sites\/2\/2014\/03\/minga3-300x225.jpg 300w, https:\/\/www.ambienteyenergia.gob.ec\/ambiente\/wp-content\/uploads\/sites\/2\/2014\/03\/minga3-399x300.jpg 399w\" sizes=\"auto, (max-width: 650px) 100vw, 650px\" \/><\/a><\/p>\n<p style=\"text-align: justify;\">\n","protected":false},"excerpt":{"rendered":"<p class=\"excerpt\">El Ministerio del Ambiente, a trav\u00e9s de la Direcci\u00f3n Provincial Ambiental de Imbabura, realiz\u00f3 el pasado 29 de marzo la reforestaci\u00f3n de una hect\u00e1rea en el sector de Hugshapungo, con ayuda del personal de Reserva Ecol\u00f3gica Cotacachi Cayapas y de 30 comuneros del lugar. Las 500 plantas que se sembraron el d\u00edas s\u00e1bado en la minga pertenecen a la especie\u00a0&hellip; <a href=\"https:\/\/www.ambienteyenergia.gob.ec\/ambiente\/minga-de-reforestacion-para-la-recuperacion-de-sitios-degradados\/\">Read more &rarr;<\/a><\/p>\n","protected":false},"author":13,"featured_media":19038,"comment_status":"open","ping_status":"open","sticky":false,"template":"","format":"standard","meta":{"footnotes":""},"categories":[16,4],"tags":[],"class_list":["post-19037","post","type-post","status-publish","format-standard","has-post-thumbnail","hentry","category-comunicamos","category-noticias","xfolkentry"],"_links":{"self":[{"href":"https:\/\/www.ambienteyenergia.gob.ec\/ambiente\/wp-json\/wp\/v2\/posts\/19037","targetHints":{"allow":["GET"]}}],"collection":[{"href":"https:\/\/www.ambienteyenergia.gob.ec\/ambiente\/wp-json\/wp\/v2\/posts"}],"about":[{"href":"https:\/\/www.ambienteyenergia.gob.ec\/ambiente\/wp-json\/wp\/v2\/types\/post"}],"author":[{"embeddable":true,"href":"https:\/\/www.ambienteyenergia.gob.ec\/ambiente\/wp-json\/wp\/v2\/users\/13"}],"replies":[{"embeddable":true,"href":"https:\/\/www.ambienteyenergia.gob.ec\/ambiente\/wp-json\/wp\/v2\/comments?post=19037"}],"version-history":[{"count":0,"href":"https:\/\/www.ambienteyenergia.gob.ec\/ambiente\/wp-json\/wp\/v2\/posts\/19037\/revisions"}],"wp:featuredmedia":[{"embeddable":true,"href":"https:\/\/www.ambienteyenergia.gob.ec\/ambiente\/wp-json\/wp\/v2\/media\/19038"}],"wp:attachment":[{"href":"https:\/\/www.ambienteyenergia.gob.ec\/ambiente\/wp-json\/wp\/v2\/media?parent=19037"}],"wp:term":[{"taxonomy":"category","embeddable":true,"href":"https:\/\/www.ambienteyenergia.gob.ec\/ambiente\/wp-json\/wp\/v2\/categories?post=19037"},{"taxonomy":"post_tag","embeddable":true,"href":"https:\/\/www.ambienteyenergia.gob.ec\/ambiente\/wp-json\/wp\/v2\/tags?post=19037"}],"curies":[{"name":"wp","href":"https:\/\/api.w.org\/{rel}","templated":true}]}}