{"id":19027,"date":"2014-03-31T09:41:13","date_gmt":"2014-03-31T14:41:13","guid":{"rendered":"http:\/\/www.ambiente.gob.ec\/?p=19027"},"modified":"2014-03-31T09:41:13","modified_gmt":"2014-03-31T14:41:13","slug":"mae-participa-en-la-vii-expominas-en-quito","status":"publish","type":"post","link":"https:\/\/www.ambienteyenergia.gob.ec\/ambiente\/mae-participa-en-la-vii-expominas-en-quito\/","title":{"rendered":"MAE participa en la VII Expominas en Quito"},"content":{"rendered":"<p style=\"text-align: justify;\">En el marco de la VII Expominas, que se desarroll\u00f3 desde el pasado 26 de marzo, en el Centro de Exposiciones Quito, el Ministerio del Ambiente (MAE), a trav\u00e9s de la Direcci\u00f3n Nacional de Prevenci\u00f3n de la Contaminaci\u00f3n, y su vocera Cynthia S\u00e1nchez expuso sobre la labor que realiza \u00e9sta Cartera de Estado en relaci\u00f3n a los procesos extractivos que se generan a lo largo del pa\u00eds, siempre bajo la premisa de industrializaci\u00f3n limpia y ambientalmente amigable.<\/p>\n<p style=\"text-align: justify;\">Por tal motivo durante su exposici\u00f3n, S\u00e1nchez explic\u00f3 los lineamientos que el MAE toma en cuenta antes, durante y despu\u00e9s de los procesos extractivos que se llevan a cabo en todo el pa\u00eds, para garantizar el buen funcionamiento de las industrias mineras y petroleras.<\/p>\n<p style=\"text-align: justify;\">Es as\u00ed que todas las actividades est\u00e1n reguladas gracias a instrumentos normativos desarrollados por el MAE para poder poseer informaci\u00f3n real sobre emisiones atmosf\u00e9ricas, cantidad de residuos producidos, sustancias qu\u00edmicas utilizadas, entre otras, para poder realizar controles ambientales precisos y as\u00ed generar conciencia sobre industria limpia con responsabilidad ambiental.<\/p>\n<p style=\"text-align: justify;\">Durante la cita estuvieron presentes las empresas e industrias extractivistas del \u00e1mbito nacional e internacional interesadas en contribuir al desarrollo del pa\u00eds por medio de los lineamientos que promueve esta Cartera de Estado, dentro de los par\u00e1metros de un Ecuador m\u00e1s verde, con industrias m\u00e1s limpias.<\/p>\n","protected":false},"excerpt":{"rendered":"<p class=\"excerpt\">En el marco de la VII Expominas, que se desarroll\u00f3 desde el pasado 26 de marzo, en el Centro de Exposiciones Quito, el Ministerio del Ambiente (MAE), a trav\u00e9s de la Direcci\u00f3n Nacional de Prevenci\u00f3n de la Contaminaci\u00f3n, y su vocera Cynthia S\u00e1nchez expuso sobre la labor que realiza \u00e9sta Cartera de Estado en relaci\u00f3n a los procesos extractivos que&hellip; <a href=\"https:\/\/www.ambienteyenergia.gob.ec\/ambiente\/mae-participa-en-la-vii-expominas-en-quito\/\">Read more &rarr;<\/a><\/p>\n","protected":false},"author":13,"featured_media":19028,"comment_status":"open","ping_status":"open","sticky":false,"template":"","format":"standard","meta":{"footnotes":""},"categories":[4],"tags":[387,125],"class_list":["post-19027","post","type-post","status-publish","format-standard","has-post-thumbnail","hentry","category-noticias","tag-mae-lorena-tapia","tag-mineria","xfolkentry"],"_links":{"self":[{"href":"https:\/\/www.ambienteyenergia.gob.ec\/ambiente\/wp-json\/wp\/v2\/posts\/19027","targetHints":{"allow":["GET"]}}],"collection":[{"href":"https:\/\/www.ambienteyenergia.gob.ec\/ambiente\/wp-json\/wp\/v2\/posts"}],"about":[{"href":"https:\/\/www.ambienteyenergia.gob.ec\/ambiente\/wp-json\/wp\/v2\/types\/post"}],"author":[{"embeddable":true,"href":"https:\/\/www.ambienteyenergia.gob.ec\/ambiente\/wp-json\/wp\/v2\/users\/13"}],"replies":[{"embeddable":true,"href":"https:\/\/www.ambienteyenergia.gob.ec\/ambiente\/wp-json\/wp\/v2\/comments?post=19027"}],"version-history":[{"count":0,"href":"https:\/\/www.ambienteyenergia.gob.ec\/ambiente\/wp-json\/wp\/v2\/posts\/19027\/revisions"}],"wp:featuredmedia":[{"embeddable":true,"href":"https:\/\/www.ambienteyenergia.gob.ec\/ambiente\/wp-json\/wp\/v2\/media\/19028"}],"wp:attachment":[{"href":"https:\/\/www.ambienteyenergia.gob.ec\/ambiente\/wp-json\/wp\/v2\/media?parent=19027"}],"wp:term":[{"taxonomy":"category","embeddable":true,"href":"https:\/\/www.ambienteyenergia.gob.ec\/ambiente\/wp-json\/wp\/v2\/categories?post=19027"},{"taxonomy":"post_tag","embeddable":true,"href":"https:\/\/www.ambienteyenergia.gob.ec\/ambiente\/wp-json\/wp\/v2\/tags?post=19027"}],"curies":[{"name":"wp","href":"https:\/\/api.w.org\/{rel}","templated":true}]}}