{"id":19024,"date":"2014-03-30T21:39:22","date_gmt":"2014-03-31T02:39:22","guid":{"rendered":"http:\/\/www.ambiente.gob.ec\/?p=19024"},"modified":"2014-03-30T21:39:22","modified_gmt":"2014-03-31T02:39:22","slug":"galapagos-tambien-apago-las-luces","status":"publish","type":"post","link":"https:\/\/www.ambienteyenergia.gob.ec\/ambiente\/galapagos-tambien-apago-las-luces\/","title":{"rendered":"Gal\u00e1pagos tambi\u00e9n apag\u00f3 las luces"},"content":{"rendered":"<p style=\"text-align: justify;\"><em>La autoridad ambiental se uni\u00f3 a la iniciativa mundial \u201cLa Hora del Planeta\u201d<\/em><\/p>\n<p style=\"text-align: justify;\">El Ministerio del Ambiente, a trav\u00e9s de la Direcci\u00f3n del Parque Nacional Gal\u00e1pagos, se uni\u00f3 a la iniciativa mundial \u201cLa Hora del Planeta\u201d impulsada por WWF, que pretende concienciar a la humanidad sobre la necesidad de adoptar cambios de actitud hacia pr\u00e1cticas m\u00e1s responsables con el medio ambiente, como ahorrar energ\u00eda y aminorar la contaminaci\u00f3n lum\u00ednica.<\/p>\n<p style=\"text-align: justify;\">En su s\u00e9ptima edici\u00f3n mundial \u201cLa Hora del Planeta\u201d cuenta con el apoyo de 154 pa\u00edses y siete mil ciudades que decidieron voluntariamente apagar la luz de sus hogares durante 60 minutos para sumarse al acto que se desarrolla alrededor del mundo desde las 20h30 a 21h00, en sus respectivos husos horarios.<\/p>\n<p style=\"text-align: justify;\">Para la Direcci\u00f3n del Parque Nacional Gal\u00e1pagos este a\u00f1o tiene una connotaci\u00f3n especial, pues \u201cLa Hora del Planeta\u201d es el escenario id\u00f3neo para el lanzamiento oficial de la campa\u00f1a &#8216;<em>Esta es la funda, no te confundas, \u00fasame&#8217;<\/em>, que inici\u00f3 la instituci\u00f3n ambiental con el fin de reducir el consumo de fundas pl\u00e1sticas, tipo camiseta en el archipi\u00e9lago.<\/p>\n<p style=\"text-align: justify;\">Esta noche, desde las 19h00, la comunidad santacruce\u00f1a se dio cita en el Parque San Francisco, en Puerto Ayora, para participar del acto coordinado por varias instituciones locales que replicaron las acciones mundiales de \u201cLa Hora del Planeta\u201d. A la hora establecida (20h30) se apagaron las luces y se encendieron 300 velas que formaban el 60+, imagen de la campa\u00f1a.<\/p>\n<p style=\"text-align: justify;\">El Director del Parque Nacional, durante su intervenci\u00f3n, felicit\u00f3 la acogida de la iniciativa por parte de la poblaci\u00f3n local e hizo un llamado a los habitantes para sustituir el uso de las fundas pl\u00e1sticas por alternativas amigables como el ambiente, como fundas de tela o yute.<\/p>\n<p style=\"text-align: justify;\">Un estudio realizado por la DPNG en el 2012, evidenci\u00f3 la utilizaci\u00f3n de 4 millones de fundas al a\u00f1o, en el archipi\u00e9lago, lo que representa 19 toneladas de pl\u00e1stico. La campa\u00f1a incluye la entrega de una funda de tela para cada una de las 6 300 familias que viven en el archipi\u00e9lago, por parte de la autoridad ambiental.<\/p>\n<p style=\"text-align: justify;\">Este a\u00f1o, han sido varias las instituciones que se han sumado a la campa\u00f1a de la DPNG, proceso que adem\u00e1s est\u00e1 siendo apoyado por los habitantes galapague\u00f1os, que solo hoy logr\u00f3 recoger 500 firmas de respaldo.<\/p>\n<p style=\"text-align: justify;\">\u201cLa Hora del Planeta\u201d finaliz\u00f3 con un concierto del grupo Verde 70, que a trav\u00e9s de sus canciones enviaron un mensaje a la humidad sobre la importancia de cuidar nuestro planeta.<\/p>\n","protected":false},"excerpt":{"rendered":"<p class=\"excerpt\">La autoridad ambiental se uni\u00f3 a la iniciativa mundial \u201cLa Hora del Planeta\u201d El Ministerio del Ambiente, a trav\u00e9s de la Direcci\u00f3n del Parque Nacional Gal\u00e1pagos, se uni\u00f3 a la iniciativa mundial \u201cLa Hora del Planeta\u201d impulsada por WWF, que pretende concienciar a la humanidad sobre la necesidad de adoptar cambios de actitud hacia pr\u00e1cticas m\u00e1s responsables con el medio&hellip; <a href=\"https:\/\/www.ambienteyenergia.gob.ec\/ambiente\/galapagos-tambien-apago-las-luces\/\">Read more &rarr;<\/a><\/p>\n","protected":false},"author":13,"featured_media":19025,"comment_status":"open","ping_status":"open","sticky":false,"template":"","format":"standard","meta":{"footnotes":""},"categories":[16,4],"tags":[394,434,108,53],"class_list":["post-19024","post","type-post","status-publish","format-standard","has-post-thumbnail","hentry","category-comunicamos","category-noticias","tag-direccion-del-parque-nacional-galapagos","tag-la-hora-del-planeta","tag-lorena-tapia","tag-mae","xfolkentry"],"_links":{"self":[{"href":"https:\/\/www.ambienteyenergia.gob.ec\/ambiente\/wp-json\/wp\/v2\/posts\/19024","targetHints":{"allow":["GET"]}}],"collection":[{"href":"https:\/\/www.ambienteyenergia.gob.ec\/ambiente\/wp-json\/wp\/v2\/posts"}],"about":[{"href":"https:\/\/www.ambienteyenergia.gob.ec\/ambiente\/wp-json\/wp\/v2\/types\/post"}],"author":[{"embeddable":true,"href":"https:\/\/www.ambienteyenergia.gob.ec\/ambiente\/wp-json\/wp\/v2\/users\/13"}],"replies":[{"embeddable":true,"href":"https:\/\/www.ambienteyenergia.gob.ec\/ambiente\/wp-json\/wp\/v2\/comments?post=19024"}],"version-history":[{"count":0,"href":"https:\/\/www.ambienteyenergia.gob.ec\/ambiente\/wp-json\/wp\/v2\/posts\/19024\/revisions"}],"wp:featuredmedia":[{"embeddable":true,"href":"https:\/\/www.ambienteyenergia.gob.ec\/ambiente\/wp-json\/wp\/v2\/media\/19025"}],"wp:attachment":[{"href":"https:\/\/www.ambienteyenergia.gob.ec\/ambiente\/wp-json\/wp\/v2\/media?parent=19024"}],"wp:term":[{"taxonomy":"category","embeddable":true,"href":"https:\/\/www.ambienteyenergia.gob.ec\/ambiente\/wp-json\/wp\/v2\/categories?post=19024"},{"taxonomy":"post_tag","embeddable":true,"href":"https:\/\/www.ambienteyenergia.gob.ec\/ambiente\/wp-json\/wp\/v2\/tags?post=19024"}],"curies":[{"name":"wp","href":"https:\/\/api.w.org\/{rel}","templated":true}]}}