{"id":19021,"date":"2014-03-28T17:45:18","date_gmt":"2014-03-28T22:45:18","guid":{"rendered":"http:\/\/www.ambiente.gob.ec\/?p=19021"},"modified":"2014-03-28T17:45:18","modified_gmt":"2014-03-28T22:45:18","slug":"en-portovelo-inicio-la-construccion-del-plan-de-remediacion-integral-de-la-cuenca-del-rio-puyango","status":"publish","type":"post","link":"https:\/\/www.ambienteyenergia.gob.ec\/ambiente\/en-portovelo-inicio-la-construccion-del-plan-de-remediacion-integral-de-la-cuenca-del-rio-puyango\/","title":{"rendered":"En Portovelo inici\u00f3 la construcci\u00f3n del Plan de Remediaci\u00f3n Integral de la cuenca del r\u00edo Puyango"},"content":{"rendered":"<p style=\"text-align: justify;\">El Programa de Reparaci\u00f3n Ambiental y Social (PRAS) del Ministerio del Ambiente, realiz\u00f3 este mi\u00e9rcoles 26 de marzo, el primer taller participativo para la construcci\u00f3n del Plan de Reparaci\u00f3n Integral de la cuenca del r\u00edo Puyango, el encuentro que se desarroll\u00f3 en el cant\u00f3n Portovelo, provincia de El Oro, tuvo como principal objetivo presentar el diagn\u00f3stico socio-ambiental de la zona y reflexionar con los involucrados las posibles soluciones y acciones para la restituci\u00f3n de los Derechos de la Naturaleza, as\u00ed como la compensaci\u00f3n a los afectados.<\/p>\n<p style=\"text-align: justify;\">El PRAS ha venido desarrollando este proyecto que busca la reparaci\u00f3n integral de pasivos ambientales de la cuenca hidrogr\u00e1fica del r\u00edo Puyango, que abarca el 60% de la provincia de Loja y el 40% de El Oro, lo que implica una superficie total de 366.255, 10 hect\u00e1reas. La calidad ambiental de esta zona se encuentra amenazada por el desarrollo de actividades productivas, especialmente por la intensa labor minera a peque\u00f1a escala, que se realiza en la parte alta de la cuenca en los sectores de Zaruma y Portovelo.<\/p>\n<p style=\"text-align: justify;\">En la socializaci\u00f3n participaron autoridades locales y representantes de los Gobiernos Aut\u00f3nomos Descentralizados (GADS) de Portovelo, Zaruma, Pi\u00f1as, Atahualpa, Moromoro, as\u00ed como tambi\u00e9n miembros de comunidades organizadas y sociedad civil, quienes presentaron sus preocupaciones en tres diferentes mesas de trabajo denominadas mesa de reparaci\u00f3n, socio-ambiental y de garant\u00edas de no repetici\u00f3n.<\/p>\n<p style=\"text-align: justify;\">Ignacio Mart\u00ednez, gerente del PRAS, invit\u00f3 a los involucrados a comprometerse con el proyecto que se desea construir, \u201ces necesario que la gente se apropie de este plan de trabajo para que puedan monitorear los avances. El plan de Reparaci\u00f3n Integral de la cuenca del Puyango tiene que ser un documento vivo de nivel interinstitucional y de importancia estatal, de la misma manera como lo es el Plan del Buen Vivir\u201d.<\/p>\n<p style=\"text-align: justify;\">El siguiente paso es estructurar la informaci\u00f3n, sistematizarla y usarla como insumo para los siguientes talleres que se realizar\u00e1n en mayo y de junio de este a\u00f1o. Se espera que a finales de noviembre se encuentre listo el Plan de Reparaci\u00f3n Integral traducido como un documento s\u00f3lido que integra planes de acci\u00f3n definitivos, en donde se detallen actividades, actores, sitios, presupuestos y responsables, que permitan gestionar los pasivos ambientales generados por el mal manejo de las actividades econ\u00f3micas.<\/p>\n<p style=\"text-align: justify;\">Por su parte, Jacinto Maldonado, Concejal del cant\u00f3n Portovelo, expres\u00f3 su agradecimiento a esta iniciativa, \u201ces la primera vez que una instituci\u00f3n p\u00fablica emprende este tipo de proyectos para cambiar la situaci\u00f3n de nuestros ecosistemas que se han visto afectados por las actividades mineras que han sido mal manejadas, apoyaremos con todo nuestro contingente para que este plan de remediaci\u00f3n ambiental nos permita descontaminar nuestros r\u00edos a mediano plazo\u201d, manifest\u00f3.<\/p>\n","protected":false},"excerpt":{"rendered":"<p class=\"excerpt\">El Programa de Reparaci\u00f3n Ambiental y Social (PRAS) del Ministerio del Ambiente, realiz\u00f3 este mi\u00e9rcoles 26 de marzo, el primer taller participativo para la construcci\u00f3n del Plan de Reparaci\u00f3n Integral de la cuenca del r\u00edo Puyango, el encuentro que se desarroll\u00f3 en el cant\u00f3n Portovelo, provincia de El Oro, tuvo como principal objetivo presentar el diagn\u00f3stico socio-ambiental de la zona&hellip; <a href=\"https:\/\/www.ambienteyenergia.gob.ec\/ambiente\/en-portovelo-inicio-la-construccion-del-plan-de-remediacion-integral-de-la-cuenca-del-rio-puyango\/\">Read more &rarr;<\/a><\/p>\n","protected":false},"author":13,"featured_media":19022,"comment_status":"open","ping_status":"open","sticky":false,"template":"","format":"standard","meta":{"footnotes":""},"categories":[4],"tags":[53],"class_list":["post-19021","post","type-post","status-publish","format-standard","has-post-thumbnail","hentry","category-noticias","tag-mae","xfolkentry"],"_links":{"self":[{"href":"https:\/\/www.ambienteyenergia.gob.ec\/ambiente\/wp-json\/wp\/v2\/posts\/19021","targetHints":{"allow":["GET"]}}],"collection":[{"href":"https:\/\/www.ambienteyenergia.gob.ec\/ambiente\/wp-json\/wp\/v2\/posts"}],"about":[{"href":"https:\/\/www.ambienteyenergia.gob.ec\/ambiente\/wp-json\/wp\/v2\/types\/post"}],"author":[{"embeddable":true,"href":"https:\/\/www.ambienteyenergia.gob.ec\/ambiente\/wp-json\/wp\/v2\/users\/13"}],"replies":[{"embeddable":true,"href":"https:\/\/www.ambienteyenergia.gob.ec\/ambiente\/wp-json\/wp\/v2\/comments?post=19021"}],"version-history":[{"count":0,"href":"https:\/\/www.ambienteyenergia.gob.ec\/ambiente\/wp-json\/wp\/v2\/posts\/19021\/revisions"}],"wp:featuredmedia":[{"embeddable":true,"href":"https:\/\/www.ambienteyenergia.gob.ec\/ambiente\/wp-json\/wp\/v2\/media\/19022"}],"wp:attachment":[{"href":"https:\/\/www.ambienteyenergia.gob.ec\/ambiente\/wp-json\/wp\/v2\/media?parent=19021"}],"wp:term":[{"taxonomy":"category","embeddable":true,"href":"https:\/\/www.ambienteyenergia.gob.ec\/ambiente\/wp-json\/wp\/v2\/categories?post=19021"},{"taxonomy":"post_tag","embeddable":true,"href":"https:\/\/www.ambienteyenergia.gob.ec\/ambiente\/wp-json\/wp\/v2\/tags?post=19021"}],"curies":[{"name":"wp","href":"https:\/\/api.w.org\/{rel}","templated":true}]}}