{"id":19018,"date":"2014-03-28T17:02:53","date_gmt":"2014-03-28T22:02:53","guid":{"rendered":"http:\/\/www.ambiente.gob.ec\/?p=19018"},"modified":"2014-03-28T17:02:53","modified_gmt":"2014-03-28T22:02:53","slug":"tortuga-marina-es-liberada-en-altamar","status":"publish","type":"post","link":"https:\/\/www.ambienteyenergia.gob.ec\/ambiente\/tortuga-marina-es-liberada-en-altamar\/","title":{"rendered":"Tortuga marina es liberada en altamar"},"content":{"rendered":"<p style=\"text-align: justify;\">Una peque\u00f1a tortuga marina, de la especie <i>Lepidochelys olivacea<\/i>, fue marcada y liberada por los guardaparques de la Direcci\u00f3n del Parque Nacional Gal\u00e1pagos (DPNG) a ocho millas de la costa de la isla Santa Cruz, entre Cerro Gallina y Cerro Drag\u00f3n, luego de pasar varias semanas en tratamiento.<\/p>\n<p style=\"text-align: justify;\">\n<p style=\"text-align: justify;\">La tortuga fue encontrada el 10 de marzo de 2014 por personal de la DPNG, mientras realizaban actividades\u00a0 de monitoreo de larvas de langosta en Bah\u00eda Ballena, al noroeste de Santa Cruz, la misma que se encontraba enredada en un plantado (dispositivo agregador de peces), utilizados por la pesca industrial y que por efecto de las corrientes son arrastradas al interior de la Reserva Marina de Gal\u00e1pagos.<\/p>\n<p style=\"text-align: justify;\">\n<p style=\"text-align: justify;\">La revisi\u00f3n t\u00e9cnica evidenci\u00f3 una grave deshidrataci\u00f3n del quelonio, heridas profundas por rozamiento y compresi\u00f3n en axilas y plastr\u00f3n, as\u00ed como elevada carga parasitaria externa (balanos, crust\u00e1ceos adheridos al caparaz\u00f3n). Tambi\u00e9n problemas de flotabilidad y leve sintomatolog\u00eda de ahogamiento, raz\u00f3n por la cual -de acuerdo al procedimiento de la Red de Respuesta R\u00e1pida para Fauna Silvestre-, la tortuga fue traslada a Santa Cruz para recibir el tratamiento y cuidado por parte de la veterinaria Carolina Garc\u00eda, de la Fundaci\u00f3n Charles Darwin.<\/p>\n<p style=\"text-align: justify;\">\n<p style=\"text-align: justify;\">\n<p style=\"text-align: justify;\"><strong>Taller sobre tortugas marinas<\/strong><\/p>\n<p style=\"text-align: justify;\">\n<p style=\"text-align: justify;\">La DPNG participa en un taller para la evaluaci\u00f3n y elaboraci\u00f3n del Plan Nacional de Acci\u00f3n para la<\/p>\n<p style=\"text-align: justify;\">conservaci\u00f3n de las Tortugas Marinas, organizado por el Ministerio del Ambiente del Ecuador (MAE).<\/p>\n<p style=\"text-align: justify;\">\n<p style=\"text-align: justify;\">Esta actividad que se desarrolla en Manta (27 y 28 de marzo) y cuent\u00f3 con la participaci\u00f3n de 12 \u00e1reas marino costeras del pa\u00eds. La Direcci\u00f3n del Parque Nacional Gal\u00e1pagos interviene como Punto Focal (representante) de la Convenci\u00f3n Internacional para la protecci\u00f3n de las Tortugas Marinas (CIT), mostrando el estado de conservaci\u00f3n de esta especie y las acciones que se implementan a nivel de\u00a0 regi\u00f3n para su protecci\u00f3n.<\/p>\n","protected":false},"excerpt":{"rendered":"<p class=\"excerpt\">Una peque\u00f1a tortuga marina, de la especie Lepidochelys olivacea, fue marcada y liberada por los guardaparques de la Direcci\u00f3n del Parque Nacional Gal\u00e1pagos (DPNG) a ocho millas de la costa de la isla Santa Cruz, entre Cerro Gallina y Cerro Drag\u00f3n, luego de pasar varias semanas en tratamiento. La tortuga fue encontrada el 10 de marzo de 2014 por personal&hellip; <a href=\"https:\/\/www.ambienteyenergia.gob.ec\/ambiente\/tortuga-marina-es-liberada-en-altamar\/\">Read more &rarr;<\/a><\/p>\n","protected":false},"author":13,"featured_media":19019,"comment_status":"open","ping_status":"open","sticky":false,"template":"","format":"standard","meta":{"footnotes":""},"categories":[16,4],"tags":[],"class_list":["post-19018","post","type-post","status-publish","format-standard","has-post-thumbnail","hentry","category-comunicamos","category-noticias","xfolkentry"],"_links":{"self":[{"href":"https:\/\/www.ambienteyenergia.gob.ec\/ambiente\/wp-json\/wp\/v2\/posts\/19018","targetHints":{"allow":["GET"]}}],"collection":[{"href":"https:\/\/www.ambienteyenergia.gob.ec\/ambiente\/wp-json\/wp\/v2\/posts"}],"about":[{"href":"https:\/\/www.ambienteyenergia.gob.ec\/ambiente\/wp-json\/wp\/v2\/types\/post"}],"author":[{"embeddable":true,"href":"https:\/\/www.ambienteyenergia.gob.ec\/ambiente\/wp-json\/wp\/v2\/users\/13"}],"replies":[{"embeddable":true,"href":"https:\/\/www.ambienteyenergia.gob.ec\/ambiente\/wp-json\/wp\/v2\/comments?post=19018"}],"version-history":[{"count":0,"href":"https:\/\/www.ambienteyenergia.gob.ec\/ambiente\/wp-json\/wp\/v2\/posts\/19018\/revisions"}],"wp:featuredmedia":[{"embeddable":true,"href":"https:\/\/www.ambienteyenergia.gob.ec\/ambiente\/wp-json\/wp\/v2\/media\/19019"}],"wp:attachment":[{"href":"https:\/\/www.ambienteyenergia.gob.ec\/ambiente\/wp-json\/wp\/v2\/media?parent=19018"}],"wp:term":[{"taxonomy":"category","embeddable":true,"href":"https:\/\/www.ambienteyenergia.gob.ec\/ambiente\/wp-json\/wp\/v2\/categories?post=19018"},{"taxonomy":"post_tag","embeddable":true,"href":"https:\/\/www.ambienteyenergia.gob.ec\/ambiente\/wp-json\/wp\/v2\/tags?post=19018"}],"curies":[{"name":"wp","href":"https:\/\/api.w.org\/{rel}","templated":true}]}}