{"id":19011,"date":"2014-03-28T15:35:45","date_gmt":"2014-03-28T20:35:45","guid":{"rendered":"http:\/\/www.ambiente.gob.ec\/?p=19011"},"modified":"2014-03-28T15:35:45","modified_gmt":"2014-03-28T20:35:45","slug":"mae-presento-informe-de-rendicion-de-cuentas-de-gestion-2013-en-santo-domingode-los-tsachilas","status":"publish","type":"post","link":"https:\/\/www.ambienteyenergia.gob.ec\/ambiente\/mae-presento-informe-de-rendicion-de-cuentas-de-gestion-2013-en-santo-domingode-los-tsachilas\/","title":{"rendered":"MAE present\u00f3 informe de rendici\u00f3n de cuentas de gesti\u00f3n 2013 en Santo Domingode los Ts\u00e1chilas"},"content":{"rendered":"<p style=\"text-align: justify;\">La Direcci\u00f3n Provincial del Ambiente de Santo Domingo de los Ts\u00e1chilas, present\u00f3, el pasado 25 de marzo el informe de gesti\u00f3n que ha realizado \u00e9sta direcci\u00f3n en el a\u00f1o 2013, en presencia de la ciudadan\u00eda que ejerci\u00f3 su derecho a la participaci\u00f3n e informaci\u00f3n.<\/p>\n<p style=\"text-align: justify;\">Durante el acto, el Director Provincial Abg. Gonzalo Cortez Cortez, dio a conocer sobre los diferentes proyectos y las actividades desarrolladas en el plano institucional, adem\u00e1s se expusieron los resultados obtenidos en materia ambiental en la provincia.<\/p>\n<p style=\"text-align: justify;\">Entre las actividades que se llevan a cabo en la provincia, la caracterizaci\u00f3n de los r\u00edos, compromiso presidencial desde el a\u00f1o 2013, en este momento se encuentra en primera fase y en continuo desarrollo.<\/p>\n<p style=\"text-align: justify;\">La reforestaci\u00f3n, apegada a los compromisos de conservaci\u00f3n que esta cartera de estado promueve a nivel nacional, se trabaja en conjunto con el GAD Parroquial de Valle Hermoso y ha logrado la restauraci\u00f3n forestal de 100 hect\u00e1reas.<\/p>\n<p style=\"text-align: justify;\">El evento cont\u00f3, adem\u00e1s, con mesas tem\u00e1ticas relacionados a los temas de Patrimonio Natural y Calidad Ambiente, como una herramienta de socializaci\u00f3n y concienciaci\u00f3n que sirvi\u00f3 para que los asistentes puedan conocer sobre las actividades y proyectos que se llevan acabo en toda la provincia.<\/p>\n<p style=\"text-align: justify;\">La comunidad se ha beneficiado con la regulaci\u00f3n, que por parte del MAE, se ha realizado a todas las actividades productivas para evitar la deforestaci\u00f3n con un mayor control en el transporte de productos forestales y vida silvestre.<\/p>\n<p style=\"text-align: justify;\">Adicionalmente el MAE impulsa en conjunto con el GAD Local el cierre t\u00e9cnico del botaderos de basura en la v\u00eda Santo Domingo &#8211; La Concordia Km. 19, adem\u00e1s del manejo tecnificado y adecuado del Complejo Ambiental ubicado en la v\u00eda Santo Domingo &#8211; Quevedo Km. 33 hasta que entre en funcionamiento la planta de tratamiento de aguas residuales.<\/p>\n<p style=\"text-align: justify;\">El Programa Socio Bosque en el a\u00f1o 2013 ingreso a 12 nuevos socios en esta provincia con una superficie total de 317.61 hect\u00e1reas de bosque nativo en conservaci\u00f3n.<br \/>\nEn el a\u00f1o 2013 se lograron rescatar y recuperar 172 espec\u00edmenes de fauna silvestre y fueron ubicadas en los tres Centros de Rescate de Fauna Silvestre que funcionan en la provincia.<\/p>\n<p style=\"text-align: justify;\">El MAE como m\u00e1ximo rector ambiental, busca mejorar la calidad de vida de los habitantes por medio del mejoramiento sostenible en el medio ambiente, generando un pa\u00eds m\u00e1s verde apegado a los principios del Buen Vivir que promueve el Gobierno Nacional.<\/p>\n","protected":false},"excerpt":{"rendered":"<p class=\"excerpt\">La Direcci\u00f3n Provincial del Ambiente de Santo Domingo de los Ts\u00e1chilas, present\u00f3, el pasado 25 de marzo el informe de gesti\u00f3n que ha realizado \u00e9sta direcci\u00f3n en el a\u00f1o 2013, en presencia de la ciudadan\u00eda que ejerci\u00f3 su derecho a la participaci\u00f3n e informaci\u00f3n. Durante el acto, el Director Provincial Abg. Gonzalo Cortez Cortez, dio a conocer sobre los diferentes&hellip; <a href=\"https:\/\/www.ambienteyenergia.gob.ec\/ambiente\/mae-presento-informe-de-rendicion-de-cuentas-de-gestion-2013-en-santo-domingode-los-tsachilas\/\">Read more &rarr;<\/a><\/p>\n","protected":false},"author":13,"featured_media":18986,"comment_status":"open","ping_status":"open","sticky":false,"template":"","format":"standard","meta":{"footnotes":""},"categories":[16,4],"tags":[],"class_list":["post-19011","post","type-post","status-publish","format-standard","has-post-thumbnail","hentry","category-comunicamos","category-noticias","xfolkentry"],"_links":{"self":[{"href":"https:\/\/www.ambienteyenergia.gob.ec\/ambiente\/wp-json\/wp\/v2\/posts\/19011","targetHints":{"allow":["GET"]}}],"collection":[{"href":"https:\/\/www.ambienteyenergia.gob.ec\/ambiente\/wp-json\/wp\/v2\/posts"}],"about":[{"href":"https:\/\/www.ambienteyenergia.gob.ec\/ambiente\/wp-json\/wp\/v2\/types\/post"}],"author":[{"embeddable":true,"href":"https:\/\/www.ambienteyenergia.gob.ec\/ambiente\/wp-json\/wp\/v2\/users\/13"}],"replies":[{"embeddable":true,"href":"https:\/\/www.ambienteyenergia.gob.ec\/ambiente\/wp-json\/wp\/v2\/comments?post=19011"}],"version-history":[{"count":0,"href":"https:\/\/www.ambienteyenergia.gob.ec\/ambiente\/wp-json\/wp\/v2\/posts\/19011\/revisions"}],"wp:featuredmedia":[{"embeddable":true,"href":"https:\/\/www.ambienteyenergia.gob.ec\/ambiente\/wp-json\/wp\/v2\/media\/18986"}],"wp:attachment":[{"href":"https:\/\/www.ambienteyenergia.gob.ec\/ambiente\/wp-json\/wp\/v2\/media?parent=19011"}],"wp:term":[{"taxonomy":"category","embeddable":true,"href":"https:\/\/www.ambienteyenergia.gob.ec\/ambiente\/wp-json\/wp\/v2\/categories?post=19011"},{"taxonomy":"post_tag","embeddable":true,"href":"https:\/\/www.ambienteyenergia.gob.ec\/ambiente\/wp-json\/wp\/v2\/tags?post=19011"}],"curies":[{"name":"wp","href":"https:\/\/api.w.org\/{rel}","templated":true}]}}