{"id":19000,"date":"2014-03-28T15:18:16","date_gmt":"2014-03-28T20:18:16","guid":{"rendered":"http:\/\/www.ambiente.gob.ec\/?p=19000"},"modified":"2014-03-28T16:16:31","modified_gmt":"2014-03-28T21:16:31","slug":"iguana-es-rescata-en-loja-por-el-mae","status":"publish","type":"post","link":"https:\/\/www.ambienteyenergia.gob.ec\/ambiente\/iguana-es-rescata-en-loja-por-el-mae\/","title":{"rendered":"Iguana es rescatada en Loja por el MAE"},"content":{"rendered":"<p style=\"text-align: justify;\">Ayer, el Ministerio del Ambiente del Ecuador (MAE), en coordinaci\u00f3n con la Unidad de Medio Ambiente de la Polic\u00eda Nacional, rescat\u00f3 a una iguana pacaso en la parroquia de Vilcabamba, provincia de Loja. Varios habitantes del sector dieron aviso a la Direcci\u00f3n Provincial del Ambiente sobre la presencia del esp\u00e9cimen, que gracias a la oportuna denuncia ciudadana, hoy se encuentra en buenas condiciones.<\/p>\n<p style=\"text-align: justify;\">T\u00e9cnicos del MAE se movilizaron inmediatamente al lugar para constatar la presencia del reptil. Luego de identificar a la iguana, \u00e9sta fue trasladada temporalmente al\u00a0 Zool\u00f3gico Municipal Yamburara, donde Luis R\u00edos, m\u00e9dico veterinario del centro de rescate avalado por la Autoridad Ambiental, realiz\u00f3 una valoraci\u00f3n del estado de salud del ejemplar.<\/p>\n<p style=\"text-align: justify;\">Actualmente, la iguana se encuentra en per\u00edodo de cuarentena hasta determinar si puede o no ser reincorporada a su h\u00e1bitat natural.<\/p>\n<p style=\"text-align: justify;\">Por su parte, el MAE se mantendr\u00e1 vigilante de este proceso y continuar\u00e1 con los operativos de control de fauna silvestre con el fin de precautelar el cumplimiento de la normativa ambiental vigente.<\/p>\n","protected":false},"excerpt":{"rendered":"<p class=\"excerpt\">Ayer, el Ministerio del Ambiente del Ecuador (MAE), en coordinaci\u00f3n con la Unidad de Medio Ambiente de la Polic\u00eda Nacional, rescat\u00f3 a una iguana pacaso en la parroquia de Vilcabamba, provincia de Loja. Varios habitantes del sector dieron aviso a la Direcci\u00f3n Provincial del Ambiente sobre la presencia del esp\u00e9cimen, que gracias a la oportuna denuncia ciudadana, hoy se encuentra&hellip; <a href=\"https:\/\/www.ambienteyenergia.gob.ec\/ambiente\/iguana-es-rescata-en-loja-por-el-mae\/\">Read more &rarr;<\/a><\/p>\n","protected":false},"author":13,"featured_media":19001,"comment_status":"open","ping_status":"open","sticky":false,"template":"","format":"standard","meta":{"footnotes":""},"categories":[16,4],"tags":[],"class_list":["post-19000","post","type-post","status-publish","format-standard","has-post-thumbnail","hentry","category-comunicamos","category-noticias","xfolkentry"],"_links":{"self":[{"href":"https:\/\/www.ambienteyenergia.gob.ec\/ambiente\/wp-json\/wp\/v2\/posts\/19000","targetHints":{"allow":["GET"]}}],"collection":[{"href":"https:\/\/www.ambienteyenergia.gob.ec\/ambiente\/wp-json\/wp\/v2\/posts"}],"about":[{"href":"https:\/\/www.ambienteyenergia.gob.ec\/ambiente\/wp-json\/wp\/v2\/types\/post"}],"author":[{"embeddable":true,"href":"https:\/\/www.ambienteyenergia.gob.ec\/ambiente\/wp-json\/wp\/v2\/users\/13"}],"replies":[{"embeddable":true,"href":"https:\/\/www.ambienteyenergia.gob.ec\/ambiente\/wp-json\/wp\/v2\/comments?post=19000"}],"version-history":[{"count":0,"href":"https:\/\/www.ambienteyenergia.gob.ec\/ambiente\/wp-json\/wp\/v2\/posts\/19000\/revisions"}],"wp:featuredmedia":[{"embeddable":true,"href":"https:\/\/www.ambienteyenergia.gob.ec\/ambiente\/wp-json\/wp\/v2\/media\/19001"}],"wp:attachment":[{"href":"https:\/\/www.ambienteyenergia.gob.ec\/ambiente\/wp-json\/wp\/v2\/media?parent=19000"}],"wp:term":[{"taxonomy":"category","embeddable":true,"href":"https:\/\/www.ambienteyenergia.gob.ec\/ambiente\/wp-json\/wp\/v2\/categories?post=19000"},{"taxonomy":"post_tag","embeddable":true,"href":"https:\/\/www.ambienteyenergia.gob.ec\/ambiente\/wp-json\/wp\/v2\/tags?post=19000"}],"curies":[{"name":"wp","href":"https:\/\/api.w.org\/{rel}","templated":true}]}}