{"id":18998,"date":"2014-03-28T15:22:18","date_gmt":"2014-03-28T20:22:18","guid":{"rendered":"http:\/\/www.ambiente.gob.ec\/?p=18998"},"modified":"2014-03-28T15:48:34","modified_gmt":"2014-03-28T20:48:34","slug":"25-guardaparques-se-graduan-gracias-al-programa-aula-verde","status":"publish","type":"post","link":"https:\/\/www.ambienteyenergia.gob.ec\/ambiente\/25-guardaparques-se-graduan-gracias-al-programa-aula-verde\/","title":{"rendered":"23 guardaparques se grad\u00faan gracias al Programa Aula Verde"},"content":{"rendered":"<p style=\"text-align: justify;\" align=\"JUSTIFY\"><span style=\"font-family: Helvetica, sans-serif; color: #000000;\">El Ministerio del Ambiente, con el objetivo de fortalecer las capacidades de los funcionarios que trabajan en las diferentes \u00e1reas protegidas del pa\u00eds, cre\u00f3 en convenio con la Fundaci\u00f3n Ecofondo y el Centro de Educaci\u00f3n y Promoci\u00f3n Popular (CEPP), el Programa Aula Verde, que constituye una respuesta nacional para mejorar el manejo del Sistema Nacional de \u00c1reas Protegidas y la vida silvestre, a trav\u00e9s de la formaci\u00f3n profesional.<\/span><\/p>\n<p style=\"text-align: justify;\" align=\"JUSTIFY\"><span style=\"font-family: Helvetica, sans-serif; color: #000000;\">Por tal motivo hoy se realiz\u00f3 la graduaci\u00f3n de la primera promoci\u00f3n de 23 guardaparques pertenecientes a nueve \u00e1reas protegidas de la regi\u00f3n Amaz\u00f3nica, en la Escuela Polit\u00e9cnica Nacional, con la participaci\u00f3n de Daniela Cruz,\u00a0Coordinadora Acad\u00e9mica Aula Verde; Andr\u00e9s Mendizabal, Presidente del EcoFondo; Cristian Ter\u00e1n,Subsecretario de Patrimonio Natural; Francisco Prieto, Director Nacional de Biodiversidad que participar\u00e1n en el acto simb\u00f3lico de graduaci\u00f3n del Programa Aula Verde.<\/span><\/p>\n<p style=\"text-align: justify;\" align=\"JUSTIFY\"><span style=\"font-family: Helvetica, sans-serif; color: #000000;\">En su exposici\u00f3n, Cristian Ter\u00e1n resalt\u00f3 el apoyo de socios aliados que han aunado esfuerzos con esta Cartera de Estado para mejorar las condiciones y la administraci\u00f3n de nuestras \u00e1reas protegidas.<\/span><\/p>\n<p style=\"text-align: justify;\" align=\"JUSTIFY\"><span style=\"color: #000000;\">\u201c<span style=\"font-family: Helvetica, sans-serif;\"><i>El MAE ha intensificado sus relaciones entre los jefes y guardaparques de nuestras \u00e1reas protegidas como sujetos de cambio que generan un valor agregado en la administraci\u00f3n de \u00e1reas protegidas, para que sean entes impulsadores de una educaci\u00f3n ambiental responsable con la ciudadan\u00eda\u201d, <\/i>enfatiz\u00f3 Tapia.<\/span><\/span><\/p>\n<p style=\"text-align: justify;\" align=\"JUSTIFY\"><span style=\"font-family: Helvetica, sans-serif; color: #000000;\">Es por esto que la gesti\u00f3n del talento humano de las \u00e1reas protegidas es un factor clave en el manejo sustentable de la biodiversidad y la conservaci\u00f3n. Por ello, el MAE, a trav\u00e9s de la Subsecretaria de Patrimonio Natural, cre\u00f3 en el 2012 el Programa de Capacitaci\u00f3n Profesional de Funcionarios encargados de la Conservaci\u00f3n -Aula Verde-, con el fin de proteger y recuperar las \u00e1reas protegidas desde las capacidades humanas de quienes son responsables de su cuidado permanente.<\/span><\/p>\n<p style=\"text-align: justify;\" align=\"JUSTIFY\"><span style=\"font-family: Helvetica, sans-serif; color: #000000;\">Daniela Cruz, explic\u00f3 en su intervenci\u00f3n que la meta de este proyecto a nivel nacional es capacitar a los 475 guardaparques de las 50 \u00e1reas protegidas del patrimonio natural del Estado, con el objetivo de desarrollar las habilidad de talento humano para un mejor desempe\u00f1o, principalmente en control y vigilancia, procesos de conservaci\u00f3n, administraci\u00f3n de \u00e1reas protegidas y responsables de vida silvestre.<\/span><\/p>\n<p style=\"text-align: justify;\" align=\"JUSTIFY\"><span style=\"font-family: Helvetica, sans-serif; color: #000000;\">El dise\u00f1o curricular incluye tres subprogramas dirigidos a guardaparques, administradores de \u00e1rea y responsables de vida silvestre. El Subprograma de Guardaparques agrupa a funcionarios por regi\u00f3n, los cuales deben cumplir 616 horas de capacitaci\u00f3n que incluyen 14 encuentros presenciales. <\/span><\/p>\n<p style=\"text-align: justify;\" align=\"JUSTIFY\"><span style=\"font-family: Helvetica, sans-serif; color: #000000;\">Por otro lado Andr\u00e9s Mendizabal asegur\u00f3 que la funci\u00f3n de esta alianza es, no solo generar valor econ\u00f3mico para el pa\u00eds, sino tambi\u00e9n valor humano para desarrollar nuevos procesos que ayuden a concienciar a la ciudadan\u00eda sobre las \u00e1reas protegidas y dem\u00e1s rincones ecosist\u00e9micos que se nutren, principalmente del turismo nacional e internacional.\u00a0<\/span><\/p>\n<p style=\"text-align: justify;\" align=\"JUSTIFY\"><span style=\"font-family: Helvetica, sans-serif; color: #000000;\">Al momento, un total de 75 guardaparques se han capacitado en tem\u00e1ticas como competencias b\u00e1sicas, planificaci\u00f3n, control y vigilancia, comunicaci\u00f3n y educaci\u00f3n ambiental, manejo de biodiversidad, turismo y manejo de visitantes en \u00e1reas protegidas. Progresivamente continuar\u00e1n capacit\u00e1ndose otros grupos hasta completar la meta de 475 guardaparques, 46 administradores de \u00e1rea y 23 responsables de vida silvestre del Ecuador.<\/span><\/p>\n<p style=\"text-align: justify;\" align=\"JUSTIFY\"><span style=\"font-family: Helvetica, sans-serif; color: #000000;\">En este 2014, el MAE ha declarado como prioridad nacional ambiental el mantenimiento y conservaci\u00f3n de las 48 \u00e1reas protegidas continentales. Por ello, es fundamental promover en los funcionarios responsables del patrimonio natural una atenci\u00f3n oportuna y un excelente servicio humano, para que los visitantes, investigadores, estudiantes y educadores aprendan, se sientan c\u00f3modos, repliquen su grata experiencia y se comprometan con la conservaci\u00f3n de la biodiversidad del Ecuador.<\/span><\/p>\n<p style=\"text-align: justify;\" align=\"JUSTIFY\"><strong>Da click <a href=\"http:\/\/www.flickr.com\/photos\/ministerioambienteecuador\/sets\/72157643076106153\/\">aqu\u00ed<\/a> para ver todas las fotograf\u00edas<\/strong><\/p>\n<div id='gallery-1' class='gallery galleryid-18998 gallery-columns-3 gallery-size-thumbnail'><dl class='gallery-item'>\n\t\t\t<dt class='gallery-icon landscape'>\n\t\t\t\t<a href='https:\/\/www.ambienteyenergia.gob.ec\/ambiente\/25-guardaparques-se-graduan-gracias-al-programa-aula-verde\/dsc00263-copy\/'><img loading=\"lazy\" decoding=\"async\" width=\"150\" height=\"150\" src=\"https:\/\/www.ambienteyenergia.gob.ec\/ambiente\/wp-content\/uploads\/sites\/2\/2014\/03\/DSC00263-copy-150x150.jpg\" class=\"attachment-thumbnail size-thumbnail\" alt=\"\" \/><\/a>\n\t\t\t<\/dt><\/dl><dl class='gallery-item'>\n\t\t\t<dt class='gallery-icon landscape'>\n\t\t\t\t<a href='https:\/\/www.ambienteyenergia.gob.ec\/ambiente\/25-guardaparques-se-graduan-gracias-al-programa-aula-verde\/dsc00256-copy\/'><img loading=\"lazy\" decoding=\"async\" width=\"150\" height=\"150\" src=\"https:\/\/www.ambienteyenergia.gob.ec\/ambiente\/wp-content\/uploads\/sites\/2\/2014\/03\/DSC00256-copy-150x150.jpg\" class=\"attachment-thumbnail size-thumbnail\" alt=\"\" \/><\/a>\n\t\t\t<\/dt><\/dl><dl class='gallery-item'>\n\t\t\t<dt class='gallery-icon landscape'>\n\t\t\t\t<a href='https:\/\/www.ambienteyenergia.gob.ec\/ambiente\/25-guardaparques-se-graduan-gracias-al-programa-aula-verde\/dsc00255-copy\/'><img loading=\"lazy\" decoding=\"async\" width=\"150\" height=\"150\" src=\"https:\/\/www.ambienteyenergia.gob.ec\/ambiente\/wp-content\/uploads\/sites\/2\/2014\/03\/DSC00255-copy-150x150.jpg\" class=\"attachment-thumbnail size-thumbnail\" alt=\"\" \/><\/a>\n\t\t\t<\/dt><\/dl><br style=\"clear: both\" \/><dl class='gallery-item'>\n\t\t\t<dt class='gallery-icon landscape'>\n\t\t\t\t<a href='https:\/\/www.ambienteyenergia.gob.ec\/ambiente\/25-guardaparques-se-graduan-gracias-al-programa-aula-verde\/dsc00254-copy\/'><img loading=\"lazy\" decoding=\"async\" width=\"150\" height=\"150\" src=\"https:\/\/www.ambienteyenergia.gob.ec\/ambiente\/wp-content\/uploads\/sites\/2\/2014\/03\/DSC00254-copy-150x150.jpg\" class=\"attachment-thumbnail size-thumbnail\" alt=\"\" \/><\/a>\n\t\t\t<\/dt><\/dl><dl class='gallery-item'>\n\t\t\t<dt class='gallery-icon landscape'>\n\t\t\t\t<a href='https:\/\/www.ambienteyenergia.gob.ec\/ambiente\/25-guardaparques-se-graduan-gracias-al-programa-aula-verde\/dsc00235-copy\/'><img loading=\"lazy\" decoding=\"async\" width=\"150\" height=\"150\" src=\"https:\/\/www.ambienteyenergia.gob.ec\/ambiente\/wp-content\/uploads\/sites\/2\/2014\/03\/DSC00235-copy-150x150.jpg\" class=\"attachment-thumbnail size-thumbnail\" alt=\"\" \/><\/a>\n\t\t\t<\/dt><\/dl><dl class='gallery-item'>\n\t\t\t<dt class='gallery-icon landscape'>\n\t\t\t\t<a href='https:\/\/www.ambienteyenergia.gob.ec\/ambiente\/25-guardaparques-se-graduan-gracias-al-programa-aula-verde\/dsc00229-copy\/'><img loading=\"lazy\" decoding=\"async\" width=\"150\" height=\"150\" src=\"https:\/\/www.ambienteyenergia.gob.ec\/ambiente\/wp-content\/uploads\/sites\/2\/2014\/03\/DSC00229-copy-150x150.jpg\" class=\"attachment-thumbnail size-thumbnail\" alt=\"\" \/><\/a>\n\t\t\t<\/dt><\/dl><br style=\"clear: both\" \/><dl class='gallery-item'>\n\t\t\t<dt class='gallery-icon landscape'>\n\t\t\t\t<a href='https:\/\/www.ambienteyenergia.gob.ec\/ambiente\/25-guardaparques-se-graduan-gracias-al-programa-aula-verde\/dsc00217-copy\/'><img loading=\"lazy\" decoding=\"async\" width=\"150\" height=\"150\" src=\"https:\/\/www.ambienteyenergia.gob.ec\/ambiente\/wp-content\/uploads\/sites\/2\/2014\/03\/DSC00217-copy-150x150.jpg\" class=\"attachment-thumbnail size-thumbnail\" alt=\"\" \/><\/a>\n\t\t\t<\/dt><\/dl>\n\t\t\t<br style='clear: both' \/>\n\t\t<\/div>\n\n","protected":false},"excerpt":{"rendered":"<p class=\"excerpt\">El Ministerio del Ambiente, con el objetivo de fortalecer las capacidades de los funcionarios que trabajan en las diferentes \u00e1reas protegidas del pa\u00eds, cre\u00f3 en convenio con la Fundaci\u00f3n Ecofondo y el Centro de Educaci\u00f3n y Promoci\u00f3n Popular (CEPP), el Programa Aula Verde, que constituye una respuesta nacional para mejorar el manejo del Sistema Nacional de \u00c1reas Protegidas y la&hellip; <a href=\"https:\/\/www.ambienteyenergia.gob.ec\/ambiente\/25-guardaparques-se-graduan-gracias-al-programa-aula-verde\/\">Read more &rarr;<\/a><\/p>\n","protected":false},"author":13,"featured_media":18999,"comment_status":"open","ping_status":"open","sticky":false,"template":"","format":"standard","meta":{"footnotes":""},"categories":[16,4],"tags":[],"class_list":["post-18998","post","type-post","status-publish","format-standard","has-post-thumbnail","hentry","category-comunicamos","category-noticias","xfolkentry"],"_links":{"self":[{"href":"https:\/\/www.ambienteyenergia.gob.ec\/ambiente\/wp-json\/wp\/v2\/posts\/18998","targetHints":{"allow":["GET"]}}],"collection":[{"href":"https:\/\/www.ambienteyenergia.gob.ec\/ambiente\/wp-json\/wp\/v2\/posts"}],"about":[{"href":"https:\/\/www.ambienteyenergia.gob.ec\/ambiente\/wp-json\/wp\/v2\/types\/post"}],"author":[{"embeddable":true,"href":"https:\/\/www.ambienteyenergia.gob.ec\/ambiente\/wp-json\/wp\/v2\/users\/13"}],"replies":[{"embeddable":true,"href":"https:\/\/www.ambienteyenergia.gob.ec\/ambiente\/wp-json\/wp\/v2\/comments?post=18998"}],"version-history":[{"count":0,"href":"https:\/\/www.ambienteyenergia.gob.ec\/ambiente\/wp-json\/wp\/v2\/posts\/18998\/revisions"}],"wp:featuredmedia":[{"embeddable":true,"href":"https:\/\/www.ambienteyenergia.gob.ec\/ambiente\/wp-json\/wp\/v2\/media\/18999"}],"wp:attachment":[{"href":"https:\/\/www.ambienteyenergia.gob.ec\/ambiente\/wp-json\/wp\/v2\/media?parent=18998"}],"wp:term":[{"taxonomy":"category","embeddable":true,"href":"https:\/\/www.ambienteyenergia.gob.ec\/ambiente\/wp-json\/wp\/v2\/categories?post=18998"},{"taxonomy":"post_tag","embeddable":true,"href":"https:\/\/www.ambienteyenergia.gob.ec\/ambiente\/wp-json\/wp\/v2\/tags?post=18998"}],"curies":[{"name":"wp","href":"https:\/\/api.w.org\/{rel}","templated":true}]}}