{"id":18995,"date":"2014-03-28T09:05:08","date_gmt":"2014-03-28T14:05:08","guid":{"rendered":"http:\/\/www.ambiente.gob.ec\/?p=18995"},"modified":"2014-03-28T09:05:08","modified_gmt":"2014-03-28T14:05:08","slug":"mae-desarrollo-un-taller-de-planificacion-estrategica-y-operativa-de-la-region-sierra-centro-chimborazo-y-tungurahua","status":"publish","type":"post","link":"https:\/\/www.ambienteyenergia.gob.ec\/ambiente\/mae-desarrollo-un-taller-de-planificacion-estrategica-y-operativa-de-la-region-sierra-centro-chimborazo-y-tungurahua\/","title":{"rendered":"MAE desarroll\u00f3 un taller de planificaci\u00f3n estrat\u00e9gica y operativa de la Regi\u00f3n Sierra Centro (Chimborazo y Tungurahua)"},"content":{"rendered":"<p style=\"text-align: justify;\">En el marco del Programa de Cambio Clim\u00e1tico, Biodiversidad y Desarrollo Sostenible (ProCamB\u00edo), el Ministerio del Ambiente del Ecuador (MAE) y la Cooperaci\u00f3n T\u00e9cnica Alemana (GIZ), en conjunto con la Subsecretar\u00eda de Cambio Clim\u00e1tico, realizaron el taller de planificaci\u00f3n estrat\u00e9gica y operativa de la Regi\u00f3n Sierra-Centro para los pr\u00f3ximos tres a\u00f1os, con la participaci\u00f3n de los GAD y otros actores clave de las provincias de Chimborazo y Tungurahua.<\/p>\n<p style=\"text-align: justify;\">La continua sobreexplotaci\u00f3n y la degradaci\u00f3n de los h\u00e1bitats naturales en Ecuador, la p\u00e9rdida de biodiversidad y de servicios ecosist\u00e9micos \u2014intensificados por los graves impactos del cambio clim\u00e1tico\u2014 ponen en peligro los medios de subsistencia y la calidad de vida sobre todo de la poblaci\u00f3n campesina e ind\u00edgena. La poblaci\u00f3n afectada no aplica formas adaptadas ni sostenibles para el uso de la biodiversidad, d\u00e1ndole a esta poco valor. Por lo tanto, el objetivo del programa de cooperaci\u00f3n t\u00e9cnica es que las comunidades ind\u00edgenas y organizaciones de productores apliquen modelos para la conservaci\u00f3n y el uso sostenible de la biodiversidad, tomando en consideraci\u00f3n el cambio clim\u00e1tico.<\/p>\n<p style=\"text-align: justify;\">En ese sentido, la Subsecretar\u00eda de Cambio Clim\u00e1tico del MAE busca a trav\u00e9s de ProCamB\u00edo (programa sucesor de GESOREN) en coordinaci\u00f3n con los actores implicados, que las comunidades ind\u00edgenas y las organizaciones de productores elaboren e implementen estrategias para el uso sostenible y valoraci\u00f3n de la biodiversidad, conscientes de que el cambio clim\u00e1tico es una amenaza latente ante la que debemos prepararnos para enfrentar. Para lograrlo, el programa se centra en la biodiversidad utilizada por la poblaci\u00f3n rural fuera de las \u00e1reas protegidas, especialmente en los biocorredores que permiten conectarlas.<\/p>\n<p style=\"text-align: justify;\">La gesti\u00f3n del Programa ProCamBio est\u00e1 determinada y se encuadra en un marco de actuaci\u00f3n que responde a diferentes convenios internacionales y a determinaciones nacionales, siendo los principales a nivel internacional, los convenios con la Convenci\u00f3n de las Naciones Unidas sobre la Diversidad Biol\u00f3gica (UNCBD) y la Convenci\u00f3n Marco de las Naciones Unidas para el Cambio Clim\u00e1tico (UNFCC).<\/p>\n<p style=\"text-align: justify;\">En la planificaci\u00f3n nacional, la gesti\u00f3n se enmarca en los resultados m\u00e1s importantes que tienen relaci\u00f3n con el campo de acci\u00f3n del Programa como el Plan Nacional de Cambio Clim\u00e1tico (PNCC), Estrategia Nacional de Biodiversidad y su Plan de Acci\u00f3n; el Plan Nacional del Buen Vivir. Adem\u00e1s a nivel regional, la gesti\u00f3n de ProCamB\u00edo se articular\u00e1 a las grandes definiciones locales.<\/p>\n<p style=\"text-align: justify;\">Participaron en el taller prefectos de las provincias de Chimborazo, Tungurahua y sus respectivos equipos t\u00e9cnicos de Planificaci\u00f3n, Ambiente Turismo y Producci\u00f3n, Mancomunidad Frente Sur-Occidental, GAD cantonal de Mocha, GAD Parroquial de San Juan y de Calpi, funcionarios de MAE (Socio Bosque, Subsecretar\u00eda de Cambio Clim\u00e1tico, Direcci\u00f3n Provincial de Chimborazo), MAGAP,\u00a0INIAP\u00a0y el Programa de Aguas y Cuencas de Tungurahua.<\/p>\n","protected":false},"excerpt":{"rendered":"<p class=\"excerpt\">En el marco del Programa de Cambio Clim\u00e1tico, Biodiversidad y Desarrollo Sostenible (ProCamB\u00edo), el Ministerio del Ambiente del Ecuador (MAE) y la Cooperaci\u00f3n T\u00e9cnica Alemana (GIZ), en conjunto con la Subsecretar\u00eda de Cambio Clim\u00e1tico, realizaron el taller de planificaci\u00f3n estrat\u00e9gica y operativa de la Regi\u00f3n Sierra-Centro para los pr\u00f3ximos tres a\u00f1os, con la participaci\u00f3n de los GAD y otros actores&hellip; <a href=\"https:\/\/www.ambienteyenergia.gob.ec\/ambiente\/mae-desarrollo-un-taller-de-planificacion-estrategica-y-operativa-de-la-region-sierra-centro-chimborazo-y-tungurahua\/\">Read more &rarr;<\/a><\/p>\n","protected":false},"author":13,"featured_media":18996,"comment_status":"open","ping_status":"open","sticky":false,"template":"","format":"standard","meta":{"footnotes":""},"categories":[16,4],"tags":[],"class_list":["post-18995","post","type-post","status-publish","format-standard","has-post-thumbnail","hentry","category-comunicamos","category-noticias","xfolkentry"],"_links":{"self":[{"href":"https:\/\/www.ambienteyenergia.gob.ec\/ambiente\/wp-json\/wp\/v2\/posts\/18995","targetHints":{"allow":["GET"]}}],"collection":[{"href":"https:\/\/www.ambienteyenergia.gob.ec\/ambiente\/wp-json\/wp\/v2\/posts"}],"about":[{"href":"https:\/\/www.ambienteyenergia.gob.ec\/ambiente\/wp-json\/wp\/v2\/types\/post"}],"author":[{"embeddable":true,"href":"https:\/\/www.ambienteyenergia.gob.ec\/ambiente\/wp-json\/wp\/v2\/users\/13"}],"replies":[{"embeddable":true,"href":"https:\/\/www.ambienteyenergia.gob.ec\/ambiente\/wp-json\/wp\/v2\/comments?post=18995"}],"version-history":[{"count":0,"href":"https:\/\/www.ambienteyenergia.gob.ec\/ambiente\/wp-json\/wp\/v2\/posts\/18995\/revisions"}],"wp:featuredmedia":[{"embeddable":true,"href":"https:\/\/www.ambienteyenergia.gob.ec\/ambiente\/wp-json\/wp\/v2\/media\/18996"}],"wp:attachment":[{"href":"https:\/\/www.ambienteyenergia.gob.ec\/ambiente\/wp-json\/wp\/v2\/media?parent=18995"}],"wp:term":[{"taxonomy":"category","embeddable":true,"href":"https:\/\/www.ambienteyenergia.gob.ec\/ambiente\/wp-json\/wp\/v2\/categories?post=18995"},{"taxonomy":"post_tag","embeddable":true,"href":"https:\/\/www.ambienteyenergia.gob.ec\/ambiente\/wp-json\/wp\/v2\/tags?post=18995"}],"curies":[{"name":"wp","href":"https:\/\/api.w.org\/{rel}","templated":true}]}}