{"id":18985,"date":"2014-03-27T12:21:00","date_gmt":"2014-03-27T17:21:00","guid":{"rendered":"http:\/\/www.ambiente.gob.ec\/?p=18985"},"modified":"2014-03-27T13:33:23","modified_gmt":"2014-03-27T18:33:23","slug":"sectores-estrategicos-rinde-cuentas-de-su-gestion-2013-en-zamora-chinchipe","status":"publish","type":"post","link":"https:\/\/www.ambienteyenergia.gob.ec\/ambiente\/sectores-estrategicos-rinde-cuentas-de-su-gestion-2013-en-zamora-chinchipe\/","title":{"rendered":"Sectores Estrat\u00e9gicos rinde cuentas de su gesti\u00f3n 2013 en Zamora Chinchipe"},"content":{"rendered":"<p style=\"text-align: justify;\">La Ministra del Ambiente, Lorena Tapia, junto a los ministros de Electricidad y Energ\u00eda Renovable, Esteban Albornoz; de Recursos Naturales no Renovables, Pedro Merizalde; de Telecomunicaciones y de la Sociedad de la Informaci\u00f3n, Jaime Guerrero Ruiz; el secretario del Agua, Walter Sol\u00eds; y el gerente de la Empresa P\u00fablica Ecuador Estrat\u00e9gico, Ciro Mor\u00e1n, participar\u00e1n en la rendici\u00f3n de cuentas de la gesti\u00f3n 2013, en Zamora Chinchipe, el d\u00eda lunes 31 de marzo.<\/p>\n<p style=\"text-align: justify;\">Este evento se realizar\u00e1 por medio de mesas tem\u00e1ticas, las cuales acoger\u00e1n a ciudadanos quienes ser\u00e1n informados sobre la gesti\u00f3n cumplida por estas instituciones.<\/p>\n<p style=\"text-align: justify;\">Paralelamente se desarrollar\u00e1n audiencias p\u00fablicas en siete ciudades del pa\u00eds. En Riobamba se realizar\u00e1 la mesa tem\u00e1tica sobre Ambiente; en Tena se abordar\u00e1 la gesti\u00f3n de Ecuador Estrat\u00e9gico; en Cuenca se desarrollar\u00e1 la mesa de Electricidad, en Coca la de Hidrocarburos; en Machala, la de miner\u00eda; en Portoviejo la mesa de Recursos H\u00eddricos; y en Guayaquil la de Telecomunicaciones.<\/p>\n<p style=\"text-align: justify;\">Durante el 2013, los ministerios y empresas adscritas que integran el \u00e1rea de Sectores Estrat\u00e9gicos invirtieron m\u00e1s de 10 mil millones de d\u00f3lares en la ejecuci\u00f3n de proyectos como: centrales hidroel\u00e9ctricas, ampliaci\u00f3n de servicios de conectividad, telecomunicaciones, proyectos multiprop\u00f3sito para prevenir inundaciones y mejorar el riego, aprovechamiento responsable de recursos naturales, protecci\u00f3n ambiental, entre otros temas.<\/p>\n<p style=\"text-align: justify;\">Bajo el principio de que los recursos provenientes del aprovechamiento del petr\u00f3leo, gas y miner\u00eda benefician a los habitantes de las comunidades cercanas a los proyectos, la empresa P\u00fablica Ecuador Estrat\u00e9gico invirti\u00f3 en ese mismo per\u00edodo m\u00e1s de 201 millones de d\u00f3lares en programas como unidades educativas del milenio, agua y saneamiento ambiental, mejoramiento de v\u00edas, dotaci\u00f3n de servicios b\u00e1sicos etc., en diferentes comunidades a nivel nacional.<\/p>\n<p style=\"text-align: justify;\">La Rendici\u00f3n de Cuentas es una actividad que todas las entidades p\u00fablicas deben realizar con el objetivo de incrementar la transparencia de la administraci\u00f3n p\u00fablica e incentivar y acrecentar la participaci\u00f3n ciudadana en los procesos de prevenci\u00f3n, transparencia y combate a la corrupci\u00f3n.<\/p>\n<p style=\"text-align: justify;\"><strong>Para ver el archivo de Rendici\u00f3n de Cuentas 2013, por favor hacer click <a href=\"http:\/\/www.ambienteyenergia.gob.ec\/ambiente\/wp-content\/uploads\/downloads\/2014\/03\/FINAL-cuentas.pdf\">aqu\u00ed<\/a><\/strong><\/p>\n","protected":false},"excerpt":{"rendered":"<p class=\"excerpt\">La Ministra del Ambiente, Lorena Tapia, junto a los ministros de Electricidad y Energ\u00eda Renovable, Esteban Albornoz; de Recursos Naturales no Renovables, Pedro Merizalde; de Telecomunicaciones y de la Sociedad de la Informaci\u00f3n, Jaime Guerrero Ruiz; el secretario del Agua, Walter Sol\u00eds; y el gerente de la Empresa P\u00fablica Ecuador Estrat\u00e9gico, Ciro Mor\u00e1n, participar\u00e1n en la rendici\u00f3n de cuentas de&hellip; <a href=\"https:\/\/www.ambienteyenergia.gob.ec\/ambiente\/sectores-estrategicos-rinde-cuentas-de-su-gestion-2013-en-zamora-chinchipe\/\">Read more &rarr;<\/a><\/p>\n","protected":false},"author":13,"featured_media":18986,"comment_status":"open","ping_status":"open","sticky":false,"template":"","format":"standard","meta":{"footnotes":""},"categories":[16,4],"tags":[],"class_list":["post-18985","post","type-post","status-publish","format-standard","has-post-thumbnail","hentry","category-comunicamos","category-noticias","xfolkentry"],"_links":{"self":[{"href":"https:\/\/www.ambienteyenergia.gob.ec\/ambiente\/wp-json\/wp\/v2\/posts\/18985","targetHints":{"allow":["GET"]}}],"collection":[{"href":"https:\/\/www.ambienteyenergia.gob.ec\/ambiente\/wp-json\/wp\/v2\/posts"}],"about":[{"href":"https:\/\/www.ambienteyenergia.gob.ec\/ambiente\/wp-json\/wp\/v2\/types\/post"}],"author":[{"embeddable":true,"href":"https:\/\/www.ambienteyenergia.gob.ec\/ambiente\/wp-json\/wp\/v2\/users\/13"}],"replies":[{"embeddable":true,"href":"https:\/\/www.ambienteyenergia.gob.ec\/ambiente\/wp-json\/wp\/v2\/comments?post=18985"}],"version-history":[{"count":0,"href":"https:\/\/www.ambienteyenergia.gob.ec\/ambiente\/wp-json\/wp\/v2\/posts\/18985\/revisions"}],"wp:featuredmedia":[{"embeddable":true,"href":"https:\/\/www.ambienteyenergia.gob.ec\/ambiente\/wp-json\/wp\/v2\/media\/18986"}],"wp:attachment":[{"href":"https:\/\/www.ambienteyenergia.gob.ec\/ambiente\/wp-json\/wp\/v2\/media?parent=18985"}],"wp:term":[{"taxonomy":"category","embeddable":true,"href":"https:\/\/www.ambienteyenergia.gob.ec\/ambiente\/wp-json\/wp\/v2\/categories?post=18985"},{"taxonomy":"post_tag","embeddable":true,"href":"https:\/\/www.ambienteyenergia.gob.ec\/ambiente\/wp-json\/wp\/v2\/tags?post=18985"}],"curies":[{"name":"wp","href":"https:\/\/api.w.org\/{rel}","templated":true}]}}