{"id":18976,"date":"2014-03-26T18:50:38","date_gmt":"2014-03-26T23:50:38","guid":{"rendered":"http:\/\/www.ambiente.gob.ec\/?p=18976"},"modified":"2014-03-26T18:50:38","modified_gmt":"2014-03-26T23:50:38","slug":"mae-y-gm-obb-firman-convenio-de-conservacion-de-10-200-hectareas-de-bosque","status":"publish","type":"post","link":"https:\/\/www.ambienteyenergia.gob.ec\/ambiente\/mae-y-gm-obb-firman-convenio-de-conservacion-de-10-200-hectareas-de-bosque\/","title":{"rendered":"MAE y GM OBB firman convenio de conservaci\u00f3n de 10 200 hect\u00e1reas de bosque"},"content":{"rendered":"<p style=\"text-align: justify;\">La Ministra del Ambiente, Lorena Tapia, firm\u00f3 hoy un convenio de cooperaci\u00f3n para la conservaci\u00f3n de bosques con la empresa General Motors OBB con el fin de preservar m\u00e1s de 10 000 hect\u00e1reas de bosque en las provincias de Sucumb\u00edos, Pichincha, Santa Elena, Esmeraldas, Pastaza y Manab\u00ed. Este acuerdo se da en el marco de la cooperaci\u00f3n interinstitucional que se lleva a cabo por medio del Fondo Socio Bosque y la Subsecretar\u00eda Patrimonio Natural.<\/p>\n<p style=\"text-align: justify;\">En su intervenci\u00f3n, durante el acto la Ministra Tapia asegur\u00f3 que <em>\u201cpor primera vez el Ecuador, de manera decidida, considera a la conservaci\u00f3n y al desarrollo como ejes claves de inversi\u00f3n que permitir\u00e1n que nuestros bosques y nuestra biodiversidad sigan manteni\u00e9ndose\u201d<\/em>. Por medio de este proyecto de conservaci\u00f3n, esta Cartera de Estado busca fortalecer alianzas estrat\u00e9gicas con diferentes instituciones, que de forma directa o indirecta est\u00e1n involucradas en el mejoramiento ambiental de nuestro pa\u00eds, a trav\u00e9s de procesos de producci\u00f3n m\u00e1s limpios.<\/p>\n<p style=\"text-align: justify;\">General Motors, a partir de la firma de convenio de cooperaci\u00f3n, aportar\u00e1 con 230 mil d\u00f3lares anuales durante cinco a\u00f1os, en beneficio de nueve comunidades a nivel nacional.<em> \u201cEl Gobierno Nacional est\u00e1 abierto a un di\u00e1logo permanente que permita que cada vez m\u00e1s hect\u00e1reas de bosques sean conservadas, y la alegr\u00eda de la conservaci\u00f3n recorra nuestra patria\u201d<\/em>, enfatiz\u00f3 Tapia.<\/p>\n<p style=\"text-align: justify;\">Por su parte el presidente de GM OBB, Fernando Argudelo, resalt\u00f3 la inversi\u00f3n que ha realizado su empresa para el mejoramiento productivo de la planta de ensamblaje, que funciona al norte de Quito, para apegarse a las iniciativas ambientales que actualmente se est\u00e1n desarrollando por medio del MAE<\/p>\n<p style=\"text-align: justify;\">Esteban Vega, Gerente de Marketing de GM OBB, explic\u00f3 sobre el proyecto que se llevar\u00e1 a cabo durante cinco a\u00f1os en cooperaci\u00f3n con esta cartera de Estado, en el que se busca contribuir al equilibrio con el medio ambiente, por medio de la compensaci\u00f3n a las emisiones de carbono de los primeros 40 000 km de los veh\u00edculos Sail. Esta es una iniciativa que nace de la empresa con el respaldo y aval del Ministerio de Ambiente.<\/p>\n<p style=\"text-align: justify;\">\u201cLa compensaci\u00f3n se realizar\u00e1 aqu\u00ed en el pa\u00eds, lo que implica que por cada Chevrolet Sail vamos a conservar m\u00e1s de 280 \u00e1rboles, 64 000 toneladas de carbono recogidas por a\u00f1o\u201d, asegur\u00f3 Vega. Asimismo, el subsecretario de Patrimonio Natural, Cristian Ter\u00e1n, resalt\u00f3 que los proyectos de protecci\u00f3n y conservaci\u00f3n se fortalecen d\u00eda a d\u00eda gracias al trabajo coordinado con entidades como Conservaci\u00f3n Internacional y el sector privado responsable.<\/p>\n<p style=\"text-align: justify;\">El MAE, como m\u00e1ximo rector ambiental, busca mejorar la calidad de vida de los habitantes por medio del mejoramiento sostenible en el medio ambiente, generando un pa\u00eds m\u00e1s verde apegado a los principios del Buen Vivir que promueve el Gobierno Nacional. Por medio del posicionamiento del pa\u00eds como promotor de buenas pr\u00e1cticas ambientales, a nivel individual e institucional, en toda la regional.<\/p>\n<p style=\"text-align: justify;\">Para concluir, la Ministra Tapia, hizo un llamado al sector privado para seguir trabajando juntos en beneficio del ambiente porque <em>\u00abtrabajar en esa l\u00ednea es un negocio rentable al cuidar el futuro del pa\u00eds y, en general, del planeta\u00bb<\/em>.<\/p>\n<p style=\"text-align: justify;\"><a href=\"http:\/\/www.ambienteyenergia.gob.ec\/ambiente\/wp-content\/uploads\/2014\/03\/Ministra-GM3.jpg\"><img loading=\"lazy\" decoding=\"async\" class=\"aligncenter size-full wp-image-18978\" alt=\"Ministra GM3\" src=\"http:\/\/www.ambienteyenergia.gob.ec\/ambiente\/wp-content\/uploads\/2014\/03\/Ministra-GM3.jpg\" width=\"300\" height=\"211\" \/><\/a> <a href=\"http:\/\/www.ambienteyenergia.gob.ec\/ambiente\/wp-content\/uploads\/2014\/03\/Ministra-GM2.jpg\"><img loading=\"lazy\" decoding=\"async\" class=\"aligncenter size-full wp-image-18977\" alt=\"Ministra GM2\" src=\"http:\/\/www.ambienteyenergia.gob.ec\/ambiente\/wp-content\/uploads\/2014\/03\/Ministra-GM2.jpg\" width=\"300\" height=\"211\" \/><\/a> <a href=\"http:\/\/www.ambienteyenergia.gob.ec\/ambiente\/wp-content\/uploads\/2014\/03\/Ministra-GM4.jpg\"><img loading=\"lazy\" decoding=\"async\" class=\"aligncenter size-full wp-image-18979\" alt=\"Ministra GM4\" src=\"http:\/\/www.ambienteyenergia.gob.ec\/ambiente\/wp-content\/uploads\/2014\/03\/Ministra-GM4.jpg\" width=\"300\" height=\"211\" \/><\/a><\/p>\n","protected":false},"excerpt":{"rendered":"<p class=\"excerpt\">La Ministra del Ambiente, Lorena Tapia, firm\u00f3 hoy un convenio de cooperaci\u00f3n para la conservaci\u00f3n de bosques con la empresa General Motors OBB con el fin de preservar m\u00e1s de 10 000 hect\u00e1reas de bosque en las provincias de Sucumb\u00edos, Pichincha, Santa Elena, Esmeraldas, Pastaza y Manab\u00ed. Este acuerdo se da en el marco de la cooperaci\u00f3n interinstitucional que se&hellip; <a href=\"https:\/\/www.ambienteyenergia.gob.ec\/ambiente\/mae-y-gm-obb-firman-convenio-de-conservacion-de-10-200-hectareas-de-bosque\/\">Read more &rarr;<\/a><\/p>\n","protected":false},"author":13,"featured_media":18980,"comment_status":"open","ping_status":"open","sticky":false,"template":"","format":"standard","meta":{"footnotes":""},"categories":[16,4],"tags":[433,309,108,53,52],"class_list":["post-18976","post","type-post","status-publish","format-standard","has-post-thumbnail","hentry","category-comunicamos","category-noticias","tag-chevrolet","tag-conservacion","tag-lorena-tapia","tag-mae","tag-socio-bosque","xfolkentry"],"_links":{"self":[{"href":"https:\/\/www.ambienteyenergia.gob.ec\/ambiente\/wp-json\/wp\/v2\/posts\/18976","targetHints":{"allow":["GET"]}}],"collection":[{"href":"https:\/\/www.ambienteyenergia.gob.ec\/ambiente\/wp-json\/wp\/v2\/posts"}],"about":[{"href":"https:\/\/www.ambienteyenergia.gob.ec\/ambiente\/wp-json\/wp\/v2\/types\/post"}],"author":[{"embeddable":true,"href":"https:\/\/www.ambienteyenergia.gob.ec\/ambiente\/wp-json\/wp\/v2\/users\/13"}],"replies":[{"embeddable":true,"href":"https:\/\/www.ambienteyenergia.gob.ec\/ambiente\/wp-json\/wp\/v2\/comments?post=18976"}],"version-history":[{"count":0,"href":"https:\/\/www.ambienteyenergia.gob.ec\/ambiente\/wp-json\/wp\/v2\/posts\/18976\/revisions"}],"wp:featuredmedia":[{"embeddable":true,"href":"https:\/\/www.ambienteyenergia.gob.ec\/ambiente\/wp-json\/wp\/v2\/media\/18980"}],"wp:attachment":[{"href":"https:\/\/www.ambienteyenergia.gob.ec\/ambiente\/wp-json\/wp\/v2\/media?parent=18976"}],"wp:term":[{"taxonomy":"category","embeddable":true,"href":"https:\/\/www.ambienteyenergia.gob.ec\/ambiente\/wp-json\/wp\/v2\/categories?post=18976"},{"taxonomy":"post_tag","embeddable":true,"href":"https:\/\/www.ambienteyenergia.gob.ec\/ambiente\/wp-json\/wp\/v2\/tags?post=18976"}],"curies":[{"name":"wp","href":"https:\/\/api.w.org\/{rel}","templated":true}]}}