{"id":18973,"date":"2014-03-26T16:44:31","date_gmt":"2014-03-26T21:44:31","guid":{"rendered":"http:\/\/www.ambiente.gob.ec\/?p=18973"},"modified":"2014-03-26T16:44:31","modified_gmt":"2014-03-26T21:44:31","slug":"mae-socializo-programa-nacional-para-la-gestion-integral-de-desechos-solidos","status":"publish","type":"post","link":"https:\/\/www.ambienteyenergia.gob.ec\/ambiente\/mae-socializo-programa-nacional-para-la-gestion-integral-de-desechos-solidos\/","title":{"rendered":"MAE socializ\u00f3 Programa Nacional para la Gesti\u00f3n Integral de Desechos S\u00f3lidos"},"content":{"rendered":"<p style=\"text-align: justify;\">Ayer, el Ministerio del Ambiente del Ecuador (MAE), realiz\u00f3 un taller de socializaci\u00f3n dirigido a los alcaldes en funciones, sobre el Programa Nacional para la Gesti\u00f3n Integral de Desechos S\u00f3lidos (PNGIDS).<\/p>\n<p style=\"text-align: justify;\">Paula Guerra, Gerente del PNGIDS, indic\u00f3 que \u00a0el objetivo es\u00a0 impulsar la gesti\u00f3n de los residuos s\u00f3lidos en los municipios del Ecuador, con un enfoque integral y sostenible; que permita disminuir la contaminaci\u00f3n ambiental, mejorando la calidad de vida de los ciudadanos e impulsando la conservaci\u00f3n de los ecosistemas a trav\u00e9s de estrategias, planes y actividades de capacitaci\u00f3n, sensibilizaci\u00f3n y est\u00edmulo a los diferentes actores relacionados.<\/p>\n<p style=\"text-align: justify;\">Asimismo, Guerra destac\u00f3 que el MAE trabaja de manera planificada para cumplir metas con indicadores, y as\u00ed, tener un Ecuador\u00a0 Verde. \u00abEste es un proceso que por primera vez en la historia del pa\u00eds se est\u00e1 ejecutando,\u00a0 donde todos los actores involucrados Gobierno central, GADs, ciudadan\u00eda e industrias trabajar\u00e1n coordinadamente, garantizando no solamente la sostenibilidad ambiental y social, sino la financiera y econ\u00f3mica\u00bb. Tambi\u00e9n, resalt\u00f3 que el plan -ejecutado desde el mes de enero de este a\u00f1o- estar\u00e1 en vigencia hasta\u00a0 el \u00faltimo trimestre del a\u00f1o.<\/p>\n<p style=\"text-align: justify;\">El 86% de los municipios del pa\u00eds generan menos de\u00a0 50 toneladas al d\u00eda y hasta el momento existen 16 mancomunidades conformadas en el pa\u00eds, en las que participan 72 GADs, la m\u00e1s grande une a tres provincias: Los R\u00edos, Guayas y Bol\u00edvar. \u00abSi se piensa en procesos productivos de transformaci\u00f3n de residuos s\u00f3lidos en el pa\u00eds hay que unir esfuerzos\u00bb, afirm\u00f3 Guerra.<\/p>\n<p style=\"text-align: justify;\">Cada uno de los GADs, deben de tomar acciones claras y determinantes para que puedan tener procesos de separaci\u00f3n de las fuentes de recolecci\u00f3n y aumentar los porcentajes de recolecci\u00f3n,\u00a0 para brindar a la ciudadan\u00eda un excelente servicio de aseo.<\/p>\n<p style=\"text-align: justify;\"><strong>Situaci\u00f3n actual de residuos s\u00f3lidos y cierre t\u00e9cnico de botaderos<\/strong><\/p>\n<p style=\"text-align: justify;\">El nivel de contaminaci\u00f3n que emanan los botaderos es alto, no solamente por problemas de olores, vectores sino m\u00e1s bien por la contaminaci\u00f3n de aguas residuales. En el instante en que la basura se empieza a descomponer, crea un liquido que se llama lixiviado, que contamina las fuentes de aguas. Esta situaci\u00f3n afecta no solo al consumo humano sino tambi\u00e9n a la agricultura, por lo que resulta fundamental cerrar t\u00e9cnicamente los botaderos en el pa\u00eds. Para ello, el Gobierno Nacional ha invertido m\u00e1s de 11 millones de d\u00f3lares en estudios de preinversi\u00f3n para la gran mayor\u00eda de los cantones, ahora la responsabilidad radica en cada uno de los Gobiernos locales para acceder a procesos de cr\u00e9ditos y poder concluir la labor.<\/p>\n","protected":false},"excerpt":{"rendered":"<p class=\"excerpt\">Ayer, el Ministerio del Ambiente del Ecuador (MAE), realiz\u00f3 un taller de socializaci\u00f3n dirigido a los alcaldes en funciones, sobre el Programa Nacional para la Gesti\u00f3n Integral de Desechos S\u00f3lidos (PNGIDS). Paula Guerra, Gerente del PNGIDS, indic\u00f3 que \u00a0el objetivo es\u00a0 impulsar la gesti\u00f3n de los residuos s\u00f3lidos en los municipios del Ecuador, con un enfoque integral y sostenible; que&hellip; <a href=\"https:\/\/www.ambienteyenergia.gob.ec\/ambiente\/mae-socializo-programa-nacional-para-la-gestion-integral-de-desechos-solidos\/\">Read more &rarr;<\/a><\/p>\n","protected":false},"author":13,"featured_media":18974,"comment_status":"open","ping_status":"open","sticky":false,"template":"","format":"standard","meta":{"footnotes":""},"categories":[16,4],"tags":[],"class_list":["post-18973","post","type-post","status-publish","format-standard","has-post-thumbnail","hentry","category-comunicamos","category-noticias","xfolkentry"],"_links":{"self":[{"href":"https:\/\/www.ambienteyenergia.gob.ec\/ambiente\/wp-json\/wp\/v2\/posts\/18973","targetHints":{"allow":["GET"]}}],"collection":[{"href":"https:\/\/www.ambienteyenergia.gob.ec\/ambiente\/wp-json\/wp\/v2\/posts"}],"about":[{"href":"https:\/\/www.ambienteyenergia.gob.ec\/ambiente\/wp-json\/wp\/v2\/types\/post"}],"author":[{"embeddable":true,"href":"https:\/\/www.ambienteyenergia.gob.ec\/ambiente\/wp-json\/wp\/v2\/users\/13"}],"replies":[{"embeddable":true,"href":"https:\/\/www.ambienteyenergia.gob.ec\/ambiente\/wp-json\/wp\/v2\/comments?post=18973"}],"version-history":[{"count":0,"href":"https:\/\/www.ambienteyenergia.gob.ec\/ambiente\/wp-json\/wp\/v2\/posts\/18973\/revisions"}],"wp:featuredmedia":[{"embeddable":true,"href":"https:\/\/www.ambienteyenergia.gob.ec\/ambiente\/wp-json\/wp\/v2\/media\/18974"}],"wp:attachment":[{"href":"https:\/\/www.ambienteyenergia.gob.ec\/ambiente\/wp-json\/wp\/v2\/media?parent=18973"}],"wp:term":[{"taxonomy":"category","embeddable":true,"href":"https:\/\/www.ambienteyenergia.gob.ec\/ambiente\/wp-json\/wp\/v2\/categories?post=18973"},{"taxonomy":"post_tag","embeddable":true,"href":"https:\/\/www.ambienteyenergia.gob.ec\/ambiente\/wp-json\/wp\/v2\/tags?post=18973"}],"curies":[{"name":"wp","href":"https:\/\/api.w.org\/{rel}","templated":true}]}}