{"id":18954,"date":"2014-03-25T21:58:49","date_gmt":"2014-03-26T02:58:49","guid":{"rendered":"http:\/\/www.ambiente.gob.ec\/?p=18954"},"modified":"2014-03-26T11:39:25","modified_gmt":"2014-03-26T16:39:25","slug":"ministra-lorena-tapia-presento-campana-galapagos-el-paraiso-mejor-conservado-del-mundo","status":"publish","type":"post","link":"https:\/\/www.ambienteyenergia.gob.ec\/ambiente\/ministra-lorena-tapia-presento-campana-galapagos-el-paraiso-mejor-conservado-del-mundo\/","title":{"rendered":"Ministra Lorena Tapia  present\u00f3 campa\u00f1a &#8216;Gal\u00e1pagos, el para\u00edso mejor conservado del mundo&#8217;"},"content":{"rendered":"<p style=\"text-align: justify;\">\u00abDesde la Declaratoria de Gal\u00e1pagos como Patrimonio Natural de la Humanidad, en 1978 por el Comit\u00e9 de Patrimonios de la UNESCO y mucho antes tambi\u00e9n, siempre hemos hablado de la hermosura de las Islas y la fragilidad de sus ecosistemas, como un compromiso mundial para cuidarlas y conservarlas\u00bb, asegur\u00f3 la Ministra del Ambiente, Lorena Tapia, en la presentaci\u00f3n de la campa\u00f1a &#8216;Gal\u00e1pagos, el para\u00edso mejor conservado del mundo&#8217;, que tiene como objetivo sensibilizar a visitantes, nacionales e internacionales y\u00a0 residentes de las islas sobre los productos que pueden ser transportados y movilizados dentro del Archipi\u00e9lago, reduciendo as\u00ed, el riesgo de ingreso de especies invasoras.<\/p>\n<p>Esta campa\u00f1a liderada por la Ministra Lorena Tapia, pretende mostrar al mundo todas las acciones y logros que ejecuta esta Cartera de Estado en las islas, con la finalidad de mantener los altos niveles de protecci\u00f3n que han considerado a Gal\u00e1pagos como el archipi\u00e9lago mejor conservado del mundo.<\/p>\n<p>\u00abGracias a los esfuerzos invertidos por el MAE, a trav\u00e9s de la Direcci\u00f3n del Parque Nacional Gal\u00e1pagos y la Agencia de Regulaci\u00f3n y Control de la Bioseguridad de Gal\u00e1pagos, el 95% de los ecosistemas originales y la biodiversidad que exist\u00eda antes de la llegada del hombre, hace m\u00e1s de 575 a\u00f1os, se mantienen en un buen estado de conservaci\u00f3n\u00bb, asever\u00f3 la Secretaria de Estado.<\/p>\n<p>Asimismo, la M\u00e1xima Autoridad Ambiental se\u00f1al\u00f3 que el reto est\u00e1 en que ese 95% se mantenga intacto, preservado y protegido. \u00abSon muchas las acciones emprendidas por el estado ecuatoriano que demuestran su compromiso ferviente por la conservaci\u00f3n de uno de los \u00faltimos sitios pr\u00edstinos del planeta, que ha sido ejemplo para otras \u00e1reas protegidas del Ecuador y el mundo\u00bb, ratific\u00f3 Tapia.<\/p>\n<p>El enfoque inicial de esta primera etapa de campa\u00f1a es evidenciar la importancia del trabajo que efect\u00faa el MAE, con el objetivo de proteger de cualquier riesgo sanitario a las especies animales y vegetales nativas, end\u00e9micas y dom\u00e9sticas de los ecosistemas insulares y marinos de Gal\u00e1pagos, precautelando la econom\u00eda y salud de los habitantes de las Islas Encantadas.<\/p>\n<p>Bajo el slogan \u201cGal\u00e1pagos puede cambiarte a ti, pero t\u00fa no puedes cambiar la vida en Gal\u00e1pagos\u201d, se dar\u00e1 inicio a varias jornadas de sensibilizaci\u00f3n, que buscan concienciar a la poblaci\u00f3n sobre la importancia de preservar los ecosistemas de las islas.<\/p>\n<p>En el acto oficial, participaron Juan Fernando Velasco y Jorge Villamizar, voceros oficiales de esta importante causa; quienes replicar\u00e1n el mensaje a su p\u00fablico. \u201cCuidar Gal\u00e1pagos es una misi\u00f3n noble a la cual nos sumamos con total convencimiento\u201d, recalc\u00f3 Velasco.<\/p>\n","protected":false},"excerpt":{"rendered":"<p class=\"excerpt\">\u00abDesde la Declaratoria de Gal\u00e1pagos como Patrimonio Natural de la Humanidad, en 1978 por el Comit\u00e9 de Patrimonios de la UNESCO y mucho antes tambi\u00e9n, siempre hemos hablado de la hermosura de las Islas y la fragilidad de sus ecosistemas, como un compromiso mundial para cuidarlas y conservarlas\u00bb, asegur\u00f3 la Ministra del Ambiente, Lorena Tapia, en la presentaci\u00f3n de la&hellip; <a href=\"https:\/\/www.ambienteyenergia.gob.ec\/ambiente\/ministra-lorena-tapia-presento-campana-galapagos-el-paraiso-mejor-conservado-del-mundo\/\">Read more &rarr;<\/a><\/p>\n","protected":false},"author":13,"featured_media":18963,"comment_status":"open","ping_status":"open","sticky":false,"template":"","format":"standard","meta":{"footnotes":""},"categories":[16,4],"tags":[],"class_list":["post-18954","post","type-post","status-publish","format-standard","has-post-thumbnail","hentry","category-comunicamos","category-noticias","xfolkentry"],"_links":{"self":[{"href":"https:\/\/www.ambienteyenergia.gob.ec\/ambiente\/wp-json\/wp\/v2\/posts\/18954","targetHints":{"allow":["GET"]}}],"collection":[{"href":"https:\/\/www.ambienteyenergia.gob.ec\/ambiente\/wp-json\/wp\/v2\/posts"}],"about":[{"href":"https:\/\/www.ambienteyenergia.gob.ec\/ambiente\/wp-json\/wp\/v2\/types\/post"}],"author":[{"embeddable":true,"href":"https:\/\/www.ambienteyenergia.gob.ec\/ambiente\/wp-json\/wp\/v2\/users\/13"}],"replies":[{"embeddable":true,"href":"https:\/\/www.ambienteyenergia.gob.ec\/ambiente\/wp-json\/wp\/v2\/comments?post=18954"}],"version-history":[{"count":0,"href":"https:\/\/www.ambienteyenergia.gob.ec\/ambiente\/wp-json\/wp\/v2\/posts\/18954\/revisions"}],"wp:featuredmedia":[{"embeddable":true,"href":"https:\/\/www.ambienteyenergia.gob.ec\/ambiente\/wp-json\/wp\/v2\/media\/18963"}],"wp:attachment":[{"href":"https:\/\/www.ambienteyenergia.gob.ec\/ambiente\/wp-json\/wp\/v2\/media?parent=18954"}],"wp:term":[{"taxonomy":"category","embeddable":true,"href":"https:\/\/www.ambienteyenergia.gob.ec\/ambiente\/wp-json\/wp\/v2\/categories?post=18954"},{"taxonomy":"post_tag","embeddable":true,"href":"https:\/\/www.ambienteyenergia.gob.ec\/ambiente\/wp-json\/wp\/v2\/tags?post=18954"}],"curies":[{"name":"wp","href":"https:\/\/api.w.org\/{rel}","templated":true}]}}