{"id":18948,"date":"2014-03-25T21:50:07","date_gmt":"2014-03-26T02:50:07","guid":{"rendered":"http:\/\/www.ambiente.gob.ec\/?p=18948"},"modified":"2014-03-25T21:50:07","modified_gmt":"2014-03-26T02:50:07","slug":"mae-inicia-ciclo-de-talleres-de-capacitacion-sobre-cambio-climatico-bosques-redd-y-salvaguardas","status":"publish","type":"post","link":"https:\/\/www.ambienteyenergia.gob.ec\/ambiente\/mae-inicia-ciclo-de-talleres-de-capacitacion-sobre-cambio-climatico-bosques-redd-y-salvaguardas\/","title":{"rendered":"MAE inicia ciclo de talleres de capacitaci\u00f3n sobre cambio clim\u00e1tico, bosques, REDD+ y salvaguardas"},"content":{"rendered":"<p style=\"text-align: justify;\">El Ministerio del Ambiente, a trav\u00e9s de la Subsecretar\u00eda de Cambio Clim\u00e1tico, y con el apoyo del Programa Nacional Conjunto ONU REDD+, realizar\u00e1 en Lago Agrio el\u201cTaller local de capacitaci\u00f3n sobre cambio clim\u00e1tico, bosques, REDD+ y salvaguardas\u201d,\u00a0 los d\u00edas 27 y 28 de marzo de 2014, con el objetivo de fortalecer las capacidades locales en estas tem\u00e1ticas.<\/p>\n<p>Este primer taller se ha planificado como un mecanismo de capacitaci\u00f3n local, en el que se abordar\u00e1n especialmente los temas de salvaguardas sociales y ambientales para REDD+, en el marco de las medidas definidas bajo la Convenci\u00f3n Marco de Naciones Unidas sobre el Cambio Clim\u00e1tico, como orientaci\u00f3n a los pa\u00edses para evitar posibles riesgos asociados a la implementaci\u00f3n de actividades REDD+.<\/p>\n<p>Para este evento se ha convocado a l\u00edderes de federaciones y comunidades ind\u00edgenas, representantes de organizaciones de mujeres, organizaciones de productores, t\u00e9cnicos de GADs, representantes de ONGs, entre otros actores, vinculados al sector forestal de la provincia de Sucumb\u00edos.<\/p>\n<p>Para mayor informaci\u00f3n se pueden comunicar con Mar\u00eda del Carmen Garc\u00eda (maria.garcia@ambiente.gob.ec) Mar\u00eda Bel\u00e9n Cordovez (mbcordovez@pnc-onureddecuador.org) o con Diego Avalos (davalos@pnc-onureddecuador.org).<\/p>\n","protected":false},"excerpt":{"rendered":"<p class=\"excerpt\">El Ministerio del Ambiente, a trav\u00e9s de la Subsecretar\u00eda de Cambio Clim\u00e1tico, y con el apoyo del Programa Nacional Conjunto ONU REDD+, realizar\u00e1 en Lago Agrio el\u201cTaller local de capacitaci\u00f3n sobre cambio clim\u00e1tico, bosques, REDD+ y salvaguardas\u201d,\u00a0 los d\u00edas 27 y 28 de marzo de 2014, con el objetivo de fortalecer las capacidades locales en estas tem\u00e1ticas. Este primer taller&hellip; <a href=\"https:\/\/www.ambienteyenergia.gob.ec\/ambiente\/mae-inicia-ciclo-de-talleres-de-capacitacion-sobre-cambio-climatico-bosques-redd-y-salvaguardas\/\">Read more &rarr;<\/a><\/p>\n","protected":false},"author":13,"featured_media":18949,"comment_status":"open","ping_status":"open","sticky":false,"template":"","format":"standard","meta":{"footnotes":""},"categories":[16,4],"tags":[],"class_list":["post-18948","post","type-post","status-publish","format-standard","has-post-thumbnail","hentry","category-comunicamos","category-noticias","xfolkentry"],"_links":{"self":[{"href":"https:\/\/www.ambienteyenergia.gob.ec\/ambiente\/wp-json\/wp\/v2\/posts\/18948","targetHints":{"allow":["GET"]}}],"collection":[{"href":"https:\/\/www.ambienteyenergia.gob.ec\/ambiente\/wp-json\/wp\/v2\/posts"}],"about":[{"href":"https:\/\/www.ambienteyenergia.gob.ec\/ambiente\/wp-json\/wp\/v2\/types\/post"}],"author":[{"embeddable":true,"href":"https:\/\/www.ambienteyenergia.gob.ec\/ambiente\/wp-json\/wp\/v2\/users\/13"}],"replies":[{"embeddable":true,"href":"https:\/\/www.ambienteyenergia.gob.ec\/ambiente\/wp-json\/wp\/v2\/comments?post=18948"}],"version-history":[{"count":0,"href":"https:\/\/www.ambienteyenergia.gob.ec\/ambiente\/wp-json\/wp\/v2\/posts\/18948\/revisions"}],"wp:featuredmedia":[{"embeddable":true,"href":"https:\/\/www.ambienteyenergia.gob.ec\/ambiente\/wp-json\/wp\/v2\/media\/18949"}],"wp:attachment":[{"href":"https:\/\/www.ambienteyenergia.gob.ec\/ambiente\/wp-json\/wp\/v2\/media?parent=18948"}],"wp:term":[{"taxonomy":"category","embeddable":true,"href":"https:\/\/www.ambienteyenergia.gob.ec\/ambiente\/wp-json\/wp\/v2\/categories?post=18948"},{"taxonomy":"post_tag","embeddable":true,"href":"https:\/\/www.ambienteyenergia.gob.ec\/ambiente\/wp-json\/wp\/v2\/tags?post=18948"}],"curies":[{"name":"wp","href":"https:\/\/api.w.org\/{rel}","templated":true}]}}