{"id":18944,"date":"2014-03-25T21:44:39","date_gmt":"2014-03-26T02:44:39","guid":{"rendered":"http:\/\/www.ambiente.gob.ec\/?p=18944"},"modified":"2014-03-25T21:44:39","modified_gmt":"2014-03-26T02:44:39","slug":"mae-capacita-a-60-estudiantes-por-el-dia-mundial-del-agua-en-chimborazo","status":"publish","type":"post","link":"https:\/\/www.ambienteyenergia.gob.ec\/ambiente\/mae-capacita-a-60-estudiantes-por-el-dia-mundial-del-agua-en-chimborazo\/","title":{"rendered":"MAE capacita a 60 estudiantes por el d\u00eda mundial del agua en Chimborazo"},"content":{"rendered":"<style type=\"text\/css\"><!--\nP { margin-bottom: 0.21cm; }\n--><\/style>\n<p style=\"text-align: justify;\" align=\"JUSTIFY\"><span style=\"font-family: Calibri,serif;\"><span style=\"font-size: medium;\">El Ministerio del Ambiente (MAE), a trav\u00e9s de la Direcci\u00f3n Provincial de Chimborazo, en conmemoraci\u00f3n al d\u00eda mundial del agua desarroll\u00f3 el Rotafolio educativo \u201cManejo Comunitario de los Recursos Naturales\u201d en las escuelas rurales del cant\u00f3n Guano, parroquia San Andr\u00e9s, con el prop\u00f3sito impulsar el manejo adecuado de recursos naturales. <\/span><\/span><\/p>\n<p style=\"text-align: justify;\" align=\"JUSTIFY\"><span style=\"font-family: Calibri,serif;\"><span style=\"font-size: medium;\">Para el inicio de las actividades de Educaci\u00f3n Ambiental, la Direcci\u00f3n de Chimborazo coordin\u00f3 diferentes actividades para desarrollarlas en conjunto con alumnos y profesores de las instituciones educativas de la Comunidad de Sanjapamba y San Rafael de Chuquipogyo, aleda\u00f1as a la Reserva de Producci\u00f3n de Fauna Chimborazo. <\/span><\/span><\/p>\n<p style=\"text-align: justify;\" align=\"JUSTIFY\"><span style=\"font-family: Calibri,serif;\"><span style=\"font-size: medium;\">La capacitaci\u00f3n cont\u00f3 con la la participaci\u00f3n de 60 ni\u00f1os a quienes se les ense\u00f1\u00f3 buenas pr\u00e1cticas ambientales mediante actividades l\u00fadicas.<\/span><\/span><\/p>\n<p lang=\"zxx\" style=\"text-align: justify;\" align=\"JUSTIFY\"><span style=\"font-family: Calibri,serif;\"><span style=\"font-size: medium;\">Las zonas en donde se imparti\u00f3 los talleres tienen problemas como: quema de p\u00e1ramos, incremento de la frontera agr\u00edcola, uso excesivo de agroqu\u00edmicos, procesos erosivos, problemas de disposici\u00f3n de desechos s\u00f3lidos, entre otros. <\/span><\/span><\/p>\n<p style=\"text-align: justify;\" align=\"JUSTIFY\"><span style=\"font-family: Calibri,serif;\"><span style=\"font-size: medium;\">El MAE contin\u00faa desarrollando actividades de Educaci\u00f3n Ambiental con la finalidad de cocienciar a ni\u00f1as y ni\u00f1os, j\u00f3venes, adolescentes y ciudadan\u00eda en general sobre el manejo sostenible y sustentable de recursos naturales para mejorar la calidad ambiental en beneficio de toda la comunidad.<\/span><\/span><\/p>\n<p style=\"text-align: justify;\">\n","protected":false},"excerpt":{"rendered":"<p class=\"excerpt\">El Ministerio del Ambiente (MAE), a trav\u00e9s de la Direcci\u00f3n Provincial de Chimborazo, en conmemoraci\u00f3n al d\u00eda mundial del agua desarroll\u00f3 el Rotafolio educativo \u201cManejo Comunitario de los Recursos Naturales\u201d en las escuelas rurales del cant\u00f3n Guano, parroquia San Andr\u00e9s, con el prop\u00f3sito impulsar el manejo adecuado de recursos naturales. Para el inicio de las actividades de Educaci\u00f3n Ambiental, la&hellip; <a href=\"https:\/\/www.ambienteyenergia.gob.ec\/ambiente\/mae-capacita-a-60-estudiantes-por-el-dia-mundial-del-agua-en-chimborazo\/\">Read more &rarr;<\/a><\/p>\n","protected":false},"author":13,"featured_media":18945,"comment_status":"open","ping_status":"open","sticky":false,"template":"","format":"standard","meta":{"footnotes":""},"categories":[16,4],"tags":[],"class_list":["post-18944","post","type-post","status-publish","format-standard","has-post-thumbnail","hentry","category-comunicamos","category-noticias","xfolkentry"],"_links":{"self":[{"href":"https:\/\/www.ambienteyenergia.gob.ec\/ambiente\/wp-json\/wp\/v2\/posts\/18944","targetHints":{"allow":["GET"]}}],"collection":[{"href":"https:\/\/www.ambienteyenergia.gob.ec\/ambiente\/wp-json\/wp\/v2\/posts"}],"about":[{"href":"https:\/\/www.ambienteyenergia.gob.ec\/ambiente\/wp-json\/wp\/v2\/types\/post"}],"author":[{"embeddable":true,"href":"https:\/\/www.ambienteyenergia.gob.ec\/ambiente\/wp-json\/wp\/v2\/users\/13"}],"replies":[{"embeddable":true,"href":"https:\/\/www.ambienteyenergia.gob.ec\/ambiente\/wp-json\/wp\/v2\/comments?post=18944"}],"version-history":[{"count":0,"href":"https:\/\/www.ambienteyenergia.gob.ec\/ambiente\/wp-json\/wp\/v2\/posts\/18944\/revisions"}],"wp:featuredmedia":[{"embeddable":true,"href":"https:\/\/www.ambienteyenergia.gob.ec\/ambiente\/wp-json\/wp\/v2\/media\/18945"}],"wp:attachment":[{"href":"https:\/\/www.ambienteyenergia.gob.ec\/ambiente\/wp-json\/wp\/v2\/media?parent=18944"}],"wp:term":[{"taxonomy":"category","embeddable":true,"href":"https:\/\/www.ambienteyenergia.gob.ec\/ambiente\/wp-json\/wp\/v2\/categories?post=18944"},{"taxonomy":"post_tag","embeddable":true,"href":"https:\/\/www.ambienteyenergia.gob.ec\/ambiente\/wp-json\/wp\/v2\/tags?post=18944"}],"curies":[{"name":"wp","href":"https:\/\/api.w.org\/{rel}","templated":true}]}}