{"id":18935,"date":"2014-03-25T15:10:26","date_gmt":"2014-03-25T20:10:26","guid":{"rendered":"http:\/\/www.ambiente.gob.ec\/?p=18935"},"modified":"2014-03-25T21:38:24","modified_gmt":"2014-03-26T02:38:24","slug":"ministra-del-ambiente-lorena-tapia-constato-el-95-de-avance-de-isla-santay","status":"publish","type":"post","link":"https:\/\/www.ambienteyenergia.gob.ec\/ambiente\/ministra-del-ambiente-lorena-tapia-constato-el-95-de-avance-de-isla-santay\/","title":{"rendered":"Ministra del Ambiente, Lorena Tapia, constat\u00f3 el 95% de avance de Isla Santay"},"content":{"rendered":"<p style=\"text-align: justify;\">Hoy, la Ministra del Ambiente, Lorena Tapia, recorri\u00f3 junto a varios medios de comunicaci\u00f3n de Guayaquil, el \u00c1rea Nacional de Recreaci\u00f3n Isla Santay, uno de los proyectos emblem\u00e1ticos del Ministerio del Ambiente del Ecuador, con el objetivo de exponer los avances de la obra, en lo que se refiere al tema ambiental.<\/p>\n<p style=\"text-align: justify;\">La Ministra Tapia, en su intervenci\u00f3n, asegur\u00f3 que \u00e9sta \u00e1rea de recreaci\u00f3n tiene una enorme potencialidad tur\u00edstica y esa caracter\u00edstica la convirti\u00f3 en parte del Patrimonio Natural de \u00c1reas Protegidas. \u00abLos trabajos que ustedes van a conocer hoy constituyen un esfuerzo del MAE en cumplir plazos y compromisos en un esfuerzo de 24 horas, los siete d\u00edas de la semana\u00bb.<\/p>\n<p style=\"text-align: justify;\">En este corto tiempo se ha avanzado con varias obras en Santay con el fin de incrementar los espacios verdes en Guayaquil. Dentro de la isla se construyen m\u00f3dulos para casa de hospedaje, un dispensario m\u00e9dico, una casa de guardaparques, una oficina de turismo, un centro de reciclaje y una bodega.<\/p>\n<p style=\"text-align: justify;\">Desde el 17 de febrero hasta el 13 de marzo de 2014, la construcci\u00f3n de la cocodrilera ha progresado r\u00e1pidamente. Hasta el momento, se han construido senderos ecol\u00f3gicos, pasarelas de estructuras met\u00e1licas, un centro de interpretaci\u00f3n, una cl\u00ednica, oficina, tres casetas, una para un\u00a0 mirador y la otra para la preparaci\u00f3n de alimentos. La mayor\u00eda de estas obras est\u00e1n terminadas en un 95%.<\/p>\n<p style=\"text-align: justify;\">Pero sin duda, la cocodrilera es uno de los atractivos tur\u00edsticos que aportar\u00e1 al desarrollo sostenible de la isla.<\/p>\n<p style=\"text-align: justify;\">\u201cEste lugar es el propicio para el desarrollo de los animales, se est\u00e1 cuidando mucho el aspecto paisaj\u00edstico, de tal manera que cuando los turistas visiten Santay no sientan que los animales est\u00e1n encerrados, sino que vean un panorama totalmente natural. La cocodrilera est\u00e1 dividida en tres espacios: el corral para hembras, el corral para machos y una laguna que va a tener un peque\u00f1o islote, con el fin de incrementar el valor tur\u00edstico del sendero\u201d, aseguro Juan Ch\u00e1vez, Gerente del Proyecto de Administraci\u00f3n F\u00edsica y Desarrollo del Turismo Sostenible en el Patrimonio Natural del Estado.<\/p>\n<p style=\"text-align: justify;\">Tapia tambi\u00e9n explic\u00f3 la importancia que tiene para la poblaci\u00f3n las obras como la implementaci\u00f3n de agua potable, de un dispensario de salud p\u00fablica, una casa de guardaparques para el monitoreo y manejo de las visitas tur\u00edsticas y un centro de reciclaje, que aporte al manejo integral del desechos s\u00f3lidos en la Isla. \u00bb Aprender a reciclar tiene que ser un aspecto importante para los ecuatorianos y m\u00e1s a\u00fan en Santay\u00bb.<\/p>\n<p style=\"text-align: justify;\">Adem\u00e1s, la M\u00e1xima Autoridad Ambiental asegur\u00f3 que otra de las obras importantes es el comedor, que representa una fuente importante de trabajo para la comunidad de Santay y a la vez es una implementaci\u00f3n tur\u00edstica que beneficia a los usuarios.<\/p>\n<p style=\"text-align: justify;\">Al finalizar, la Ministra recalc\u00f3 que el trabajo conjunto con la comunidad y con otras instituciones, le ha permitido al MAE alcanzar los objetivos propuestos y completar en un plazo corto de tiempo la mayor\u00eda de las obras propuestas. Se estima que la inauguraci\u00f3n oficial de las obras se realice en abril junto al Presidente, Rafael Correa.<\/p>\n<p style=\"text-align: justify;\"><a href=\"http:\/\/www.ambienteyenergia.gob.ec\/ambiente\/wp-content\/uploads\/2014\/03\/IMG_7335.jpg\"><img loading=\"lazy\" decoding=\"async\" class=\"aligncenter size-full wp-image-18940\" alt=\"Santay\" src=\"http:\/\/www.ambienteyenergia.gob.ec\/ambiente\/wp-content\/uploads\/2014\/03\/IMG_7335.jpg\" width=\"670\" height=\"447\" srcset=\"https:\/\/www.ambienteyenergia.gob.ec\/ambiente\/wp-content\/uploads\/sites\/2\/2014\/03\/IMG_7335.jpg 670w, https:\/\/www.ambienteyenergia.gob.ec\/ambiente\/wp-content\/uploads\/sites\/2\/2014\/03\/IMG_7335-300x200.jpg 300w, https:\/\/www.ambienteyenergia.gob.ec\/ambiente\/wp-content\/uploads\/sites\/2\/2014\/03\/IMG_7335-449x300.jpg 449w\" sizes=\"auto, (max-width: 670px) 100vw, 670px\" \/><\/a> <a href=\"http:\/\/www.ambienteyenergia.gob.ec\/ambiente\/wp-content\/uploads\/2014\/03\/IMG_7429.jpg\"><img loading=\"lazy\" decoding=\"async\" class=\"aligncenter size-full wp-image-18941\" alt=\"Santay\" src=\"http:\/\/www.ambienteyenergia.gob.ec\/ambiente\/wp-content\/uploads\/2014\/03\/IMG_7429.jpg\" width=\"659\" height=\"439\" srcset=\"https:\/\/www.ambienteyenergia.gob.ec\/ambiente\/wp-content\/uploads\/sites\/2\/2014\/03\/IMG_7429.jpg 659w, https:\/\/www.ambienteyenergia.gob.ec\/ambiente\/wp-content\/uploads\/sites\/2\/2014\/03\/IMG_7429-300x199.jpg 300w, https:\/\/www.ambienteyenergia.gob.ec\/ambiente\/wp-content\/uploads\/sites\/2\/2014\/03\/IMG_7429-450x300.jpg 450w\" sizes=\"auto, (max-width: 659px) 100vw, 659px\" \/><\/a><\/p>\n<p style=\"text-align: justify;\">\n","protected":false},"excerpt":{"rendered":"<p class=\"excerpt\">Hoy, la Ministra del Ambiente, Lorena Tapia, recorri\u00f3 junto a varios medios de comunicaci\u00f3n de Guayaquil, el \u00c1rea Nacional de Recreaci\u00f3n Isla Santay, uno de los proyectos emblem\u00e1ticos del Ministerio del Ambiente del Ecuador, con el objetivo de exponer los avances de la obra, en lo que se refiere al tema ambiental. La Ministra Tapia, en su intervenci\u00f3n, asegur\u00f3 que&hellip; <a href=\"https:\/\/www.ambienteyenergia.gob.ec\/ambiente\/ministra-del-ambiente-lorena-tapia-constato-el-95-de-avance-de-isla-santay\/\">Read more &rarr;<\/a><\/p>\n","protected":false},"author":13,"featured_media":18942,"comment_status":"open","ping_status":"open","sticky":false,"template":"","format":"standard","meta":{"footnotes":""},"categories":[16,4,10],"tags":[],"class_list":["post-18935","post","type-post","status-publish","format-standard","has-post-thumbnail","hentry","category-comunicamos","category-noticias","category-noticias-destacadas","xfolkentry"],"_links":{"self":[{"href":"https:\/\/www.ambienteyenergia.gob.ec\/ambiente\/wp-json\/wp\/v2\/posts\/18935","targetHints":{"allow":["GET"]}}],"collection":[{"href":"https:\/\/www.ambienteyenergia.gob.ec\/ambiente\/wp-json\/wp\/v2\/posts"}],"about":[{"href":"https:\/\/www.ambienteyenergia.gob.ec\/ambiente\/wp-json\/wp\/v2\/types\/post"}],"author":[{"embeddable":true,"href":"https:\/\/www.ambienteyenergia.gob.ec\/ambiente\/wp-json\/wp\/v2\/users\/13"}],"replies":[{"embeddable":true,"href":"https:\/\/www.ambienteyenergia.gob.ec\/ambiente\/wp-json\/wp\/v2\/comments?post=18935"}],"version-history":[{"count":0,"href":"https:\/\/www.ambienteyenergia.gob.ec\/ambiente\/wp-json\/wp\/v2\/posts\/18935\/revisions"}],"wp:featuredmedia":[{"embeddable":true,"href":"https:\/\/www.ambienteyenergia.gob.ec\/ambiente\/wp-json\/wp\/v2\/media\/18942"}],"wp:attachment":[{"href":"https:\/\/www.ambienteyenergia.gob.ec\/ambiente\/wp-json\/wp\/v2\/media?parent=18935"}],"wp:term":[{"taxonomy":"category","embeddable":true,"href":"https:\/\/www.ambienteyenergia.gob.ec\/ambiente\/wp-json\/wp\/v2\/categories?post=18935"},{"taxonomy":"post_tag","embeddable":true,"href":"https:\/\/www.ambienteyenergia.gob.ec\/ambiente\/wp-json\/wp\/v2\/tags?post=18935"}],"curies":[{"name":"wp","href":"https:\/\/api.w.org\/{rel}","templated":true}]}}