{"id":18928,"date":"2014-03-24T16:56:09","date_gmt":"2014-03-24T21:56:09","guid":{"rendered":"http:\/\/www.ambiente.gob.ec\/?p=18928"},"modified":"2014-03-24T17:22:24","modified_gmt":"2014-03-24T22:22:24","slug":"avistamiento-del-condor-andino-en-la-reserva-ecologica-cotacachi-cayapas","status":"publish","type":"post","link":"https:\/\/www.ambienteyenergia.gob.ec\/ambiente\/avistamiento-del-condor-andino-en-la-reserva-ecologica-cotacachi-cayapas\/","title":{"rendered":"Avistamiento de c\u00f3ndor andino en la Reserva Ecol\u00f3gica Cotacachi-Cayapas"},"content":{"rendered":"<p style=\"text-align: justify;\" align=\"JUSTIFY\"><span style=\"color: #000000;\"><span style=\"font-family: Helvetica, sans-serif;\">La Reserva Ecol\u00f3gica Cotacachi-Cayapas (RECC) fue el escenario de aprendizaje de vuelo de un joven ejemplar de c\u00f3ndor andino <i>(V<\/i><i>ultur gryphus), <\/i>que junto a dos espec\u00edmenes adultos emprendi\u00f3 el vuelo en los alrededores del lugar, el d\u00eda 21 de febrero.<\/span><\/span><\/p>\n<p style=\"text-align: justify;\" align=\"JUSTIFY\"><span style=\"color: #000000;\">El C\u00f3ndor Andino es una especie en peligro de extinci\u00f3n cr\u00edtico seg\u00fan lo indica el Libro Rojo de Aves del Ecuador y actualmente se encuentra protegida por Resoluci\u00f3n del Ministerio del Ambiente del Ecuador (MAE).<\/span><\/p>\n<p style=\"text-align: justify;\" align=\"JUSTIFY\"><span style=\"color: #000000;\">Seg\u00fan el censo realizado durante 2009 en la sierra centro norte del pa\u00eds, se registro la presencia de 50 c\u00f3ndores andinos. Sin embargo datos no publicados por investigadores indican que puede haber m\u00e1s individuos de la especie.<\/span><\/p>\n<p style=\"text-align: justify;\" align=\"JUSTIFY\"><span style=\"color: #000000;\">El Ministerio del Ambiente dicta Pol\u00edticas Ambientales, adem\u00e1s de reconocer \u00e1reas naturales protegidas ecosist\u00e9micas, entre ellas la Reserva Ecol\u00f3gica Cotacachi Cayapas. Por tal motivo el MAE destina fondos, personal y recursos para la protecci\u00f3n y administraci\u00f3n de esas zonas para el cuidado sustentable de las especies de flora y fauna que las habitan en las reservas y \u00e1reas protegidas. <\/span><\/p>\n<p style=\"text-align: justify;\" align=\"JUSTIFY\"><span style=\"color: #000000;\">La Reserva Ecol\u00f3gica Cotacachi Cayapas contiene 3 044 km<\/span><span style=\"color: #000000;\">2<\/span><span style=\"color: #000000;\"> de tierra y se localiza en la Provincia de Imbabura en el cant\u00f3n Cotacachi, a 140 km de Quito. Esta reserva natural es en parte un bosque h\u00famedo. El s\u00edmbolo de esta reserva es el oso de anteojos y el c\u00f3ndor, una de las muchas especies protegidas de nuestro pa\u00eds, gracias a las acciones emprendidas por el Ministerio del Ambiente.<\/span><\/p>\n","protected":false},"excerpt":{"rendered":"<p class=\"excerpt\">La Reserva Ecol\u00f3gica Cotacachi-Cayapas (RECC) fue el escenario de aprendizaje de vuelo de un joven ejemplar de c\u00f3ndor andino (Vultur gryphus), que junto a dos espec\u00edmenes adultos emprendi\u00f3 el vuelo en los alrededores del lugar, el d\u00eda 21 de febrero. El C\u00f3ndor Andino es una especie en peligro de extinci\u00f3n cr\u00edtico seg\u00fan lo indica el Libro Rojo de Aves del&hellip; <a href=\"https:\/\/www.ambienteyenergia.gob.ec\/ambiente\/avistamiento-del-condor-andino-en-la-reserva-ecologica-cotacachi-cayapas\/\">Read more &rarr;<\/a><\/p>\n","protected":false},"author":13,"featured_media":18929,"comment_status":"open","ping_status":"open","sticky":false,"template":"","format":"standard","meta":{"footnotes":""},"categories":[16,4],"tags":[],"class_list":["post-18928","post","type-post","status-publish","format-standard","has-post-thumbnail","hentry","category-comunicamos","category-noticias","xfolkentry"],"_links":{"self":[{"href":"https:\/\/www.ambienteyenergia.gob.ec\/ambiente\/wp-json\/wp\/v2\/posts\/18928","targetHints":{"allow":["GET"]}}],"collection":[{"href":"https:\/\/www.ambienteyenergia.gob.ec\/ambiente\/wp-json\/wp\/v2\/posts"}],"about":[{"href":"https:\/\/www.ambienteyenergia.gob.ec\/ambiente\/wp-json\/wp\/v2\/types\/post"}],"author":[{"embeddable":true,"href":"https:\/\/www.ambienteyenergia.gob.ec\/ambiente\/wp-json\/wp\/v2\/users\/13"}],"replies":[{"embeddable":true,"href":"https:\/\/www.ambienteyenergia.gob.ec\/ambiente\/wp-json\/wp\/v2\/comments?post=18928"}],"version-history":[{"count":0,"href":"https:\/\/www.ambienteyenergia.gob.ec\/ambiente\/wp-json\/wp\/v2\/posts\/18928\/revisions"}],"wp:featuredmedia":[{"embeddable":true,"href":"https:\/\/www.ambienteyenergia.gob.ec\/ambiente\/wp-json\/wp\/v2\/media\/18929"}],"wp:attachment":[{"href":"https:\/\/www.ambienteyenergia.gob.ec\/ambiente\/wp-json\/wp\/v2\/media?parent=18928"}],"wp:term":[{"taxonomy":"category","embeddable":true,"href":"https:\/\/www.ambienteyenergia.gob.ec\/ambiente\/wp-json\/wp\/v2\/categories?post=18928"},{"taxonomy":"post_tag","embeddable":true,"href":"https:\/\/www.ambienteyenergia.gob.ec\/ambiente\/wp-json\/wp\/v2\/tags?post=18928"}],"curies":[{"name":"wp","href":"https:\/\/api.w.org\/{rel}","templated":true}]}}