{"id":18924,"date":"2014-03-24T16:51:22","date_gmt":"2014-03-24T21:51:22","guid":{"rendered":"http:\/\/www.ambiente.gob.ec\/?p=18924"},"modified":"2014-03-24T16:51:22","modified_gmt":"2014-03-24T21:51:22","slug":"cotopaxi-reforesto-7-hectareas-en-conmemoracion-del-dia-mundial-forestal","status":"publish","type":"post","link":"https:\/\/www.ambienteyenergia.gob.ec\/ambiente\/cotopaxi-reforesto-7-hectareas-en-conmemoracion-del-dia-mundial-forestal\/","title":{"rendered":"Cotopaxi reforest\u00f3 7 hect\u00e1reas en conmemoraci\u00f3n del D\u00eda Mundial Forestal"},"content":{"rendered":"<p style=\"text-align: justify;\">La Direcci\u00f3n Provincial del Ambiente de Cotopaxi, conjuntamente con autoridades del GAD Provincial, celebr\u00f3 el D\u00eda Mundial Forestal con un evento r\u00e9plica de reforestaci\u00f3n impulsado por el Ministerio del Ambiente, que adem\u00e1s se lo realiz\u00f3 en ocho provincias a nivel nacional, siendo sede de esta conmemoraci\u00f3n la comunidad Merced de Cochas en Imbabura.<\/p>\n<p style=\"text-align: justify;\">Durante el evento se reforestaron dos hect\u00e1reas en la Comunidad del Sector Wintza, Parroquia Toacazo, como parte del Programa de Conservaci\u00f3n Ambiental y Protecci\u00f3n de Cuencas H\u00eddricas. En esta actividad participaron alrededor de 250 personas, entre ellos alumnos de quinto y sexto de b\u00e1sica de la Escuela Coronel Victor Espinoza en conjunto con autoridades y representantes provinciales, as\u00ed como tambi\u00e9n de funcionario del MAE y la comunidad en general.<\/p>\n<p style=\"text-align: justify;\">Adem\u00e1s, con la colaboraci\u00f3n de 200 personas de la Comunidad de San Agust\u00edn Callo, se reforestaron cinco hect\u00e1reas en el sector de Ilit\u00edo Alto, parroquia de Mulal\u00f3, en los alrededores del Parque Nacional Cotopaxi que fue afectado por el incendio forestal que devast\u00f3 800ha en 2013. Por tal motivo se prev\u00e9 reforestar cerca de de 250ha en el transcurso del primer semestre de 2014.<\/p>\n<p style=\"text-align: justify;\">En las dos parroquias en donde se realiz\u00f3 la reforestaci\u00f3n se plantaron 6 000 \u00e1rboles end\u00e9micos de la zona.<\/p>\n<p style=\"text-align: justify;\">El MAE, por medio de la Direcci\u00f3n Provincial Ambiental tiene como objetivo reforestar un total de 606ha, a nivel provincial, durante el 2014 como parte del convenio de Asignaci\u00f3n de Recursos No Reembolsables entre el Banco del Estado el Ministerio del Ambiente y los Gobiernos Aut\u00f3nomos Descentralizados, GAD Parroquial Mulal\u00f3.<\/p>\n","protected":false},"excerpt":{"rendered":"<p class=\"excerpt\">La Direcci\u00f3n Provincial del Ambiente de Cotopaxi, conjuntamente con autoridades del GAD Provincial, celebr\u00f3 el D\u00eda Mundial Forestal con un evento r\u00e9plica de reforestaci\u00f3n impulsado por el Ministerio del Ambiente, que adem\u00e1s se lo realiz\u00f3 en ocho provincias a nivel nacional, siendo sede de esta conmemoraci\u00f3n la comunidad Merced de Cochas en Imbabura. Durante el evento se reforestaron dos hect\u00e1reas&hellip; <a href=\"https:\/\/www.ambienteyenergia.gob.ec\/ambiente\/cotopaxi-reforesto-7-hectareas-en-conmemoracion-del-dia-mundial-forestal\/\">Read more &rarr;<\/a><\/p>\n","protected":false},"author":13,"featured_media":18926,"comment_status":"open","ping_status":"open","sticky":false,"template":"","format":"standard","meta":{"footnotes":""},"categories":[16,4],"tags":[],"class_list":["post-18924","post","type-post","status-publish","format-standard","has-post-thumbnail","hentry","category-comunicamos","category-noticias","xfolkentry"],"_links":{"self":[{"href":"https:\/\/www.ambienteyenergia.gob.ec\/ambiente\/wp-json\/wp\/v2\/posts\/18924","targetHints":{"allow":["GET"]}}],"collection":[{"href":"https:\/\/www.ambienteyenergia.gob.ec\/ambiente\/wp-json\/wp\/v2\/posts"}],"about":[{"href":"https:\/\/www.ambienteyenergia.gob.ec\/ambiente\/wp-json\/wp\/v2\/types\/post"}],"author":[{"embeddable":true,"href":"https:\/\/www.ambienteyenergia.gob.ec\/ambiente\/wp-json\/wp\/v2\/users\/13"}],"replies":[{"embeddable":true,"href":"https:\/\/www.ambienteyenergia.gob.ec\/ambiente\/wp-json\/wp\/v2\/comments?post=18924"}],"version-history":[{"count":0,"href":"https:\/\/www.ambienteyenergia.gob.ec\/ambiente\/wp-json\/wp\/v2\/posts\/18924\/revisions"}],"wp:featuredmedia":[{"embeddable":true,"href":"https:\/\/www.ambienteyenergia.gob.ec\/ambiente\/wp-json\/wp\/v2\/media\/18926"}],"wp:attachment":[{"href":"https:\/\/www.ambienteyenergia.gob.ec\/ambiente\/wp-json\/wp\/v2\/media?parent=18924"}],"wp:term":[{"taxonomy":"category","embeddable":true,"href":"https:\/\/www.ambienteyenergia.gob.ec\/ambiente\/wp-json\/wp\/v2\/categories?post=18924"},{"taxonomy":"post_tag","embeddable":true,"href":"https:\/\/www.ambienteyenergia.gob.ec\/ambiente\/wp-json\/wp\/v2\/tags?post=18924"}],"curies":[{"name":"wp","href":"https:\/\/api.w.org\/{rel}","templated":true}]}}