{"id":18910,"date":"2014-03-24T14:03:00","date_gmt":"2014-03-24T19:03:00","guid":{"rendered":"http:\/\/www.ambiente.gob.ec\/?p=18910"},"modified":"2014-03-24T14:03:00","modified_gmt":"2014-03-24T19:03:00","slug":"mae-presenta-campana-galapagos-el-paraiso-mejor-conservado-del-mundo","status":"publish","type":"post","link":"https:\/\/www.ambienteyenergia.gob.ec\/ambiente\/mae-presenta-campana-galapagos-el-paraiso-mejor-conservado-del-mundo\/","title":{"rendered":"MAE presenta campa\u00f1a &#8216;Gal\u00e1pagos, el para\u00edso mejor conservado del mundo&#8217;"},"content":{"rendered":"<p style=\"text-align: justify;\">El Ministerio del Ambiente del Ecuador (MAE), en coordinaci\u00f3n con la Agencia de Regulaci\u00f3n y Control de la Bioseguridad y Cuarentena para Gal\u00e1pagos (ABG) y la Direcci\u00f3n del Parque Nacional Gal\u00e1pagos (DPNG), presentar\u00e1 la campa\u00f1a \u201cGal\u00e1pagos, el Para\u00edso Mejor Conservado del Mundo\u201d, el pr\u00f3ximo martes, 25 de marzo, en las instalaciones del Hotel Oro Verde, en Guayaquil.<\/p>\n<p style=\"text-align: justify;\">Esta campa\u00f1a liderada por la Ministra del Ambiente, Lorena Tapia, pretende mostrar al mundo todas las acciones y logros que ejecuta esta Cartera de Estado en las islas, con la finalidad de mantener los altos niveles de protecci\u00f3n que han considerado a Gal\u00e1pagos como \u201cel archipi\u00e9lago\u00a0 mejor conservado del\u00a0 Mundo\u201d.<\/p>\n<p style=\"text-align: justify;\">Como primera etapa de esta gran campa\u00f1a, el MAE junto con la ABG buscan informar y sensibilizar a visitantes, nacionales e internacionales y\u00a0 residentes de las islas sobre los productos que pueden ser transportados y movilizados dentro del Archipi\u00e9lago, reduciendo as\u00ed, el riesgo de ingreso de especies invasoras.<\/p>\n<p style=\"text-align: justify;\">Bajo el slogan \u201cGal\u00e1pagos puede cambiarte a ti, pero t\u00fa no puedes cambiar la vida en Gal\u00e1pagos\u201d, se dar\u00e1 inicio a varias jornadas de sensibilizaci\u00f3n, que buscan concienciar a la poblaci\u00f3n sobre la importancia de conservar los ecosistemas de las islas.<\/p>\n<p style=\"text-align: justify;\">En el acto oficial, participar\u00e1n Juan Fernando Velasco y Jorge Villamizar, voceros oficiales de esta importante causa; quienes replicar\u00e1n el mensaje.<\/p>\n<p style=\"text-align: justify;\">El enfoque inicial de esta primera etapa de campa\u00f1a es evidenciar la importancia del trabajo que efect\u00faa el MAE, con el objetivo de proteger de cualquier riesgo sanitario a las especies animales y vegetales nativas, end\u00e9micas y dom\u00e9sticas de los ecosistemas insulares y marinos de Gal\u00e1pagos, precautelando la econom\u00eda y salud de los habitantes de las Islas Encantadas.<\/p>\n<p style=\"text-align: justify;\"><strong>\u00a1Cuidar Gal\u00e1pagos es responsabilidad de todos!<\/strong><\/p>\n<p style=\"text-align: justify;\"><a href=\"http:\/\/www.ambienteyenergia.gob.ec\/ambiente\/wp-content\/uploads\/2014\/03\/invitacion-jp-2.jpg\"><img loading=\"lazy\" decoding=\"async\" class=\"aligncenter size-full wp-image-18912\" alt=\"invitacion jp-2\" src=\"http:\/\/www.ambienteyenergia.gob.ec\/ambiente\/wp-content\/uploads\/2014\/03\/invitacion-jp-2.jpg\" width=\"840\" height=\"602\" srcset=\"https:\/\/www.ambienteyenergia.gob.ec\/ambiente\/wp-content\/uploads\/sites\/2\/2014\/03\/invitacion-jp-2.jpg 840w, https:\/\/www.ambienteyenergia.gob.ec\/ambiente\/wp-content\/uploads\/sites\/2\/2014\/03\/invitacion-jp-2-300x215.jpg 300w, https:\/\/www.ambienteyenergia.gob.ec\/ambiente\/wp-content\/uploads\/sites\/2\/2014\/03\/invitacion-jp-2-418x300.jpg 418w\" sizes=\"auto, (max-width: 840px) 100vw, 840px\" \/><\/a><\/p>\n","protected":false},"excerpt":{"rendered":"<p class=\"excerpt\">El Ministerio del Ambiente del Ecuador (MAE), en coordinaci\u00f3n con la Agencia de Regulaci\u00f3n y Control de la Bioseguridad y Cuarentena para Gal\u00e1pagos (ABG) y la Direcci\u00f3n del Parque Nacional Gal\u00e1pagos (DPNG), presentar\u00e1 la campa\u00f1a \u201cGal\u00e1pagos, el Para\u00edso Mejor Conservado del Mundo\u201d, el pr\u00f3ximo martes, 25 de marzo, en las instalaciones del Hotel Oro Verde, en Guayaquil. Esta campa\u00f1a liderada&hellip; <a href=\"https:\/\/www.ambienteyenergia.gob.ec\/ambiente\/mae-presenta-campana-galapagos-el-paraiso-mejor-conservado-del-mundo\/\">Read more &rarr;<\/a><\/p>\n","protected":false},"author":13,"featured_media":18911,"comment_status":"open","ping_status":"open","sticky":false,"template":"","format":"standard","meta":{"footnotes":""},"categories":[16,4],"tags":[],"class_list":["post-18910","post","type-post","status-publish","format-standard","has-post-thumbnail","hentry","category-comunicamos","category-noticias","xfolkentry"],"_links":{"self":[{"href":"https:\/\/www.ambienteyenergia.gob.ec\/ambiente\/wp-json\/wp\/v2\/posts\/18910","targetHints":{"allow":["GET"]}}],"collection":[{"href":"https:\/\/www.ambienteyenergia.gob.ec\/ambiente\/wp-json\/wp\/v2\/posts"}],"about":[{"href":"https:\/\/www.ambienteyenergia.gob.ec\/ambiente\/wp-json\/wp\/v2\/types\/post"}],"author":[{"embeddable":true,"href":"https:\/\/www.ambienteyenergia.gob.ec\/ambiente\/wp-json\/wp\/v2\/users\/13"}],"replies":[{"embeddable":true,"href":"https:\/\/www.ambienteyenergia.gob.ec\/ambiente\/wp-json\/wp\/v2\/comments?post=18910"}],"version-history":[{"count":0,"href":"https:\/\/www.ambienteyenergia.gob.ec\/ambiente\/wp-json\/wp\/v2\/posts\/18910\/revisions"}],"wp:featuredmedia":[{"embeddable":true,"href":"https:\/\/www.ambienteyenergia.gob.ec\/ambiente\/wp-json\/wp\/v2\/media\/18911"}],"wp:attachment":[{"href":"https:\/\/www.ambienteyenergia.gob.ec\/ambiente\/wp-json\/wp\/v2\/media?parent=18910"}],"wp:term":[{"taxonomy":"category","embeddable":true,"href":"https:\/\/www.ambienteyenergia.gob.ec\/ambiente\/wp-json\/wp\/v2\/categories?post=18910"},{"taxonomy":"post_tag","embeddable":true,"href":"https:\/\/www.ambienteyenergia.gob.ec\/ambiente\/wp-json\/wp\/v2\/tags?post=18910"}],"curies":[{"name":"wp","href":"https:\/\/api.w.org\/{rel}","templated":true}]}}