{"id":18903,"date":"2014-03-24T11:28:26","date_gmt":"2014-03-24T16:28:26","guid":{"rendered":"http:\/\/www.ambiente.gob.ec\/?p=18903"},"modified":"2014-03-24T11:28:26","modified_gmt":"2014-03-24T16:28:26","slug":"mae-convoco-a-vi-mesa-de-trabajo-redd","status":"publish","type":"post","link":"https:\/\/www.ambienteyenergia.gob.ec\/ambiente\/mae-convoco-a-vi-mesa-de-trabajo-redd\/","title":{"rendered":"MAE convoc\u00f3 a VI Mesa de Trabajo REDD+"},"content":{"rendered":"<p style=\"text-align: justify;\">El Ministerio del Ambiente de Ecuador (MAE), a trav\u00e9s de la Subsecretar\u00eda de Cambio Clim\u00e1tico y con el apoyo t\u00e9cnico del Programa Nacional Conjunto ONU-REDD, organiz\u00f3 la VI Reuni\u00f3n Ordinaria de la Mesa de Trabajo REDD+ (MdT), en las instalaciones de Naciones Unidas en Quito, el pasado 21 de marzo.<\/p>\n<p style=\"text-align: justify;\">Los objetivos de la reuni\u00f3n oficial fueron presentar y discutir los avances de la propuesta sobre Distribuci\u00f3n de Beneficios para REDD+; los avances sobre la propuesta t\u00e9cnica para la Medici\u00f3n, Reporte y Verificaci\u00f3n de reducci\u00f3n de emisiones; y presentar los datos m\u00e1s actualizados sobre la tasa de deforestaci\u00f3n en el Ecuador.<\/p>\n<p style=\"text-align: justify;\">En el evento participaron delegados\/as oficiales y alternos\/as de las organizaciones, instituciones o comunidades miembros de la MdT, las cuales fueron ratificadas por la Secretar\u00eda T\u00e9cnica de la MdT, el 6 de junio de 2013.<\/p>\n<p style=\"text-align: justify;\">Para mayor informaci\u00f3n usted puede comunicarse con Mar\u00eda del Carmen Garc\u00eda (mgarcia@ambiente.gob.ec<span style=\"text-decoration: underline;\">)<\/span>, Bel\u00e9n Cordovez (mbcordovez@yahoo.com) o Fernanda Proa\u00f1o (fproano@pnc-onureddecuador.org).<\/p>\n<p style=\"text-align: justify;\">\n","protected":false},"excerpt":{"rendered":"<p class=\"excerpt\">El Ministerio del Ambiente de Ecuador (MAE), a trav\u00e9s de la Subsecretar\u00eda de Cambio Clim\u00e1tico y con el apoyo t\u00e9cnico del Programa Nacional Conjunto ONU-REDD, organiz\u00f3 la VI Reuni\u00f3n Ordinaria de la Mesa de Trabajo REDD+ (MdT), en las instalaciones de Naciones Unidas en Quito, el pasado 21 de marzo. Los objetivos de la reuni\u00f3n oficial fueron presentar y discutir&hellip; <a href=\"https:\/\/www.ambienteyenergia.gob.ec\/ambiente\/mae-convoco-a-vi-mesa-de-trabajo-redd\/\">Read more &rarr;<\/a><\/p>\n","protected":false},"author":13,"featured_media":18905,"comment_status":"open","ping_status":"open","sticky":false,"template":"","format":"standard","meta":{"footnotes":""},"categories":[16,4],"tags":[],"class_list":["post-18903","post","type-post","status-publish","format-standard","has-post-thumbnail","hentry","category-comunicamos","category-noticias","xfolkentry"],"_links":{"self":[{"href":"https:\/\/www.ambienteyenergia.gob.ec\/ambiente\/wp-json\/wp\/v2\/posts\/18903","targetHints":{"allow":["GET"]}}],"collection":[{"href":"https:\/\/www.ambienteyenergia.gob.ec\/ambiente\/wp-json\/wp\/v2\/posts"}],"about":[{"href":"https:\/\/www.ambienteyenergia.gob.ec\/ambiente\/wp-json\/wp\/v2\/types\/post"}],"author":[{"embeddable":true,"href":"https:\/\/www.ambienteyenergia.gob.ec\/ambiente\/wp-json\/wp\/v2\/users\/13"}],"replies":[{"embeddable":true,"href":"https:\/\/www.ambienteyenergia.gob.ec\/ambiente\/wp-json\/wp\/v2\/comments?post=18903"}],"version-history":[{"count":0,"href":"https:\/\/www.ambienteyenergia.gob.ec\/ambiente\/wp-json\/wp\/v2\/posts\/18903\/revisions"}],"wp:featuredmedia":[{"embeddable":true,"href":"https:\/\/www.ambienteyenergia.gob.ec\/ambiente\/wp-json\/wp\/v2\/media\/18905"}],"wp:attachment":[{"href":"https:\/\/www.ambienteyenergia.gob.ec\/ambiente\/wp-json\/wp\/v2\/media?parent=18903"}],"wp:term":[{"taxonomy":"category","embeddable":true,"href":"https:\/\/www.ambienteyenergia.gob.ec\/ambiente\/wp-json\/wp\/v2\/categories?post=18903"},{"taxonomy":"post_tag","embeddable":true,"href":"https:\/\/www.ambienteyenergia.gob.ec\/ambiente\/wp-json\/wp\/v2\/tags?post=18903"}],"curies":[{"name":"wp","href":"https:\/\/api.w.org\/{rel}","templated":true}]}}