{"id":18895,"date":"2014-03-24T09:32:21","date_gmt":"2014-03-24T14:32:21","guid":{"rendered":"http:\/\/www.ambiente.gob.ec\/?p=18895"},"modified":"2014-03-24T14:38:00","modified_gmt":"2014-03-24T19:38:00","slug":"mae-realizo-ciclo-paseo-en-el-parque-nacional-llanganates-por-el-dia-mundial-del-agua","status":"publish","type":"post","link":"https:\/\/www.ambienteyenergia.gob.ec\/ambiente\/mae-realizo-ciclo-paseo-en-el-parque-nacional-llanganates-por-el-dia-mundial-del-agua\/","title":{"rendered":"MAE realiz\u00f3 ciclopaseo en el Parque Nacional Llanganates por el D\u00eda Mundial del Agua"},"content":{"rendered":"<p style=\"text-align: justify;\">En conmemoraci\u00f3n al D\u00eda Mundial del Agua, el Ministerio del Ambiente del Ecuador (MAE), a trav\u00e9s de la Direcci\u00f3n Provincial de Tungurahua, realiz\u00f3 un ciclopaseo en el Parque Nacional Llanganates, con el fin de concienciar a los participantes sobre la importancia de conservar los ecosistemas andinos y el agua de los p\u00e1ramos.<\/p>\n<p style=\"text-align: justify;\">El complejo lacustre de Pisayambo al occidente del Parque Nacional Llanganates\u00a0 fue el escenario perfecto para que 37 estudiantes de la Pontificia Universidad Cat\u00f3lica del Ecuador sede Ambato y representantes de la Universidad T\u00e9cnica de Ambato disfruten de la naturaleza del p\u00e1ramo \u00a0y el hermoso paisaje andino.<\/p>\n<p style=\"text-align: justify;\">Los j\u00f3venes muy entusiasmados llegaron a la Guardian\u00eda Sunfopamba ubicada a 3 800 msnm en la parroquia San Jos\u00e9 de Poalo del cant\u00f3n P\u00edllaro, donde el Guardaparque Rom\u00e1n Criollo les dio la bienvenida y les explic\u00f3 las normas de conducta del \u00c1rea Protegida. Con las bicicletas apunto y con las prendas de protecci\u00f3n adecuadas, arrancaron el recorrido denominado \u201cTraves\u00eda Pisayambo\u201d.<\/p>\n<p style=\"text-align: justify;\">No importo el fr\u00edo, el viento g\u00e9lido, ni la llovizna de la ma\u00f1ana, los participantes impresionados con el paisaje recorrieron 12 Km por una v\u00eda lastrada y pedregosa que les condujo hasta la gran laguna de Pisayambo.<\/p>\n<p style=\"text-align: justify;\">Para el desarrollo y seguridad del ciclopaseo se cont\u00f3 con el apoyo de personal de la Polic\u00eda Nacional, de la Secretar\u00eda Nacional de Gesti\u00f3n de Riesgos, de CELEC EP Hidroagoyan, del GAD Municipal de P\u00edllaro y de Aves y Conservaci\u00f3n.<\/p>\n<div id='gallery-1' class='gallery galleryid-18895 gallery-columns-3 gallery-size-thumbnail'><dl class='gallery-item'>\n\t\t\t<dt class='gallery-icon landscape'>\n\t\t\t\t<a href='https:\/\/www.ambienteyenergia.gob.ec\/ambiente\/mae-realizo-ciclo-paseo-en-el-parque-nacional-llanganates-por-el-dia-mundial-del-agua\/sony-dsc-90\/'><img loading=\"lazy\" decoding=\"async\" width=\"150\" height=\"150\" src=\"https:\/\/www.ambienteyenergia.gob.ec\/ambiente\/wp-content\/uploads\/sites\/2\/2014\/03\/DSC01125-150x150.jpg\" class=\"attachment-thumbnail size-thumbnail\" alt=\"\" \/><\/a>\n\t\t\t<\/dt><\/dl><dl class='gallery-item'>\n\t\t\t<dt class='gallery-icon landscape'>\n\t\t\t\t<a href='https:\/\/www.ambienteyenergia.gob.ec\/ambiente\/mae-realizo-ciclo-paseo-en-el-parque-nacional-llanganates-por-el-dia-mundial-del-agua\/sony-dsc-89\/'><img loading=\"lazy\" decoding=\"async\" width=\"150\" height=\"150\" src=\"https:\/\/www.ambienteyenergia.gob.ec\/ambiente\/wp-content\/uploads\/sites\/2\/2014\/03\/DSC01117-150x150.jpg\" class=\"attachment-thumbnail size-thumbnail\" alt=\"\" \/><\/a>\n\t\t\t<\/dt><\/dl><dl class='gallery-item'>\n\t\t\t<dt class='gallery-icon landscape'>\n\t\t\t\t<a href='https:\/\/www.ambienteyenergia.gob.ec\/ambiente\/mae-realizo-ciclo-paseo-en-el-parque-nacional-llanganates-por-el-dia-mundial-del-agua\/sony-dsc-88\/'><img loading=\"lazy\" decoding=\"async\" width=\"150\" height=\"150\" src=\"https:\/\/www.ambienteyenergia.gob.ec\/ambiente\/wp-content\/uploads\/sites\/2\/2014\/03\/DSC01112-150x150.jpg\" class=\"attachment-thumbnail size-thumbnail\" alt=\"\" \/><\/a>\n\t\t\t<\/dt><\/dl><br style=\"clear: both\" \/><dl class='gallery-item'>\n\t\t\t<dt class='gallery-icon landscape'>\n\t\t\t\t<a href='https:\/\/www.ambienteyenergia.gob.ec\/ambiente\/mae-realizo-ciclo-paseo-en-el-parque-nacional-llanganates-por-el-dia-mundial-del-agua\/sony-dsc-87\/'><img loading=\"lazy\" decoding=\"async\" width=\"150\" height=\"150\" src=\"https:\/\/www.ambienteyenergia.gob.ec\/ambiente\/wp-content\/uploads\/sites\/2\/2014\/03\/DSC01107-150x150.jpg\" class=\"attachment-thumbnail size-thumbnail\" alt=\"\" \/><\/a>\n\t\t\t<\/dt><\/dl>\n\t\t\t<br style='clear: both' \/>\n\t\t<\/div>\n\n","protected":false},"excerpt":{"rendered":"<p class=\"excerpt\">En conmemoraci\u00f3n al D\u00eda Mundial del Agua, el Ministerio del Ambiente del Ecuador (MAE), a trav\u00e9s de la Direcci\u00f3n Provincial de Tungurahua, realiz\u00f3 un ciclopaseo en el Parque Nacional Llanganates, con el fin de concienciar a los participantes sobre la importancia de conservar los ecosistemas andinos y el agua de los p\u00e1ramos. El complejo lacustre de Pisayambo al occidente del&hellip; <a href=\"https:\/\/www.ambienteyenergia.gob.ec\/ambiente\/mae-realizo-ciclo-paseo-en-el-parque-nacional-llanganates-por-el-dia-mundial-del-agua\/\">Read more &rarr;<\/a><\/p>\n","protected":false},"author":13,"featured_media":18897,"comment_status":"open","ping_status":"open","sticky":false,"template":"","format":"standard","meta":{"footnotes":""},"categories":[16,4],"tags":[],"class_list":["post-18895","post","type-post","status-publish","format-standard","has-post-thumbnail","hentry","category-comunicamos","category-noticias","xfolkentry"],"_links":{"self":[{"href":"https:\/\/www.ambienteyenergia.gob.ec\/ambiente\/wp-json\/wp\/v2\/posts\/18895","targetHints":{"allow":["GET"]}}],"collection":[{"href":"https:\/\/www.ambienteyenergia.gob.ec\/ambiente\/wp-json\/wp\/v2\/posts"}],"about":[{"href":"https:\/\/www.ambienteyenergia.gob.ec\/ambiente\/wp-json\/wp\/v2\/types\/post"}],"author":[{"embeddable":true,"href":"https:\/\/www.ambienteyenergia.gob.ec\/ambiente\/wp-json\/wp\/v2\/users\/13"}],"replies":[{"embeddable":true,"href":"https:\/\/www.ambienteyenergia.gob.ec\/ambiente\/wp-json\/wp\/v2\/comments?post=18895"}],"version-history":[{"count":0,"href":"https:\/\/www.ambienteyenergia.gob.ec\/ambiente\/wp-json\/wp\/v2\/posts\/18895\/revisions"}],"wp:featuredmedia":[{"embeddable":true,"href":"https:\/\/www.ambienteyenergia.gob.ec\/ambiente\/wp-json\/wp\/v2\/media\/18897"}],"wp:attachment":[{"href":"https:\/\/www.ambienteyenergia.gob.ec\/ambiente\/wp-json\/wp\/v2\/media?parent=18895"}],"wp:term":[{"taxonomy":"category","embeddable":true,"href":"https:\/\/www.ambienteyenergia.gob.ec\/ambiente\/wp-json\/wp\/v2\/categories?post=18895"},{"taxonomy":"post_tag","embeddable":true,"href":"https:\/\/www.ambienteyenergia.gob.ec\/ambiente\/wp-json\/wp\/v2\/tags?post=18895"}],"curies":[{"name":"wp","href":"https:\/\/api.w.org\/{rel}","templated":true}]}}