{"id":18890,"date":"2014-03-23T19:12:25","date_gmt":"2014-03-24T00:12:25","guid":{"rendered":"http:\/\/www.ambiente.gob.ec\/?p=18890"},"modified":"2014-03-23T19:12:25","modified_gmt":"2014-03-24T00:12:25","slug":"ministra-tapia-apoya-iniciativas-ambientales-comunitarias-en-la-comuna-zuleta-imbabura","status":"publish","type":"post","link":"https:\/\/www.ambienteyenergia.gob.ec\/ambiente\/ministra-tapia-apoya-iniciativas-ambientales-comunitarias-en-la-comuna-zuleta-imbabura\/","title":{"rendered":"Ministra Tapia apoya iniciativas ambientales comunitarias en la Comuna Zuleta (Imbabura)"},"content":{"rendered":"<p style=\"text-align: justify;\">\u201cReduce, Re\u00fasa y Recicla\u201d son los tres principios que el Ministerio del Ambiente (MAE) ha fortalecido durante los \u00faltimos a\u00f1os, con la finalidad de promover un comportamiento corresponsable, que contribuya a un Ecuador m\u00e1s Verde, para ser en un futuro el ejemplo a seguir en materia ambiental.<\/p>\n<p style=\"text-align: justify;\">Es por tal motivo que el pasado d\u00eda viernes, la m\u00e1xima autoridad ambiental, Lorena Tapia, visit\u00f3 el taller de la industria forestal de la parroquia Zuleta, provincia de Imbabura. En el recorrido pudo conocer los trabajos que se realizan en lugar, los materiales y el compromiso de la zona en desarrollar una labor sostenible y sustentable con el medio ambiente.<\/p>\n<p style=\"text-align: justify;\">En la casa, propiedad del Sr. Sandoval, que funciona como taller y galer\u00eda de exhibici\u00f3n de los productos que se realizan, la ministra Tapia conoci\u00f3 sobre el proceso de elaboraci\u00f3n de los art\u00edculos que all\u00ed se pudieron apreciar.<\/p>\n<p style=\"text-align: justify;\">Este proceso empieza con la recolecci\u00f3n de los residuos de madera generados en la cosecha de las plantaciones, principalmente de maderas como cipr\u00e9s, pino y eucalipto. Posteriormente se las lleva al lugar de dise\u00f1o y cincelado de la madera. Este trabajo se lo realiza con una herramienta artesanal creada por la necesidad de producir artesan\u00edas convexas.<\/p>\n<p style=\"text-align: justify;\">As\u00ed en este taller la mayor\u00eda de herramientas son de fabricaci\u00f3n artesanal, tal es el caso del horno de secado, de forma cil\u00edndrica el cual es conocido como \u201cacelerador del tiempo\u201d que es utilizado para acelerar el proceso de secado de la madera, el cual es calentado con el aserr\u00edn que sale de la elaboraci\u00f3n de las artesan\u00edas.<\/p>\n<p style=\"text-align: justify;\">Estas artesan\u00edas, que se elaboran desde hace 25 a\u00f1os y son exportadas a Canad\u00e1 por su gran detalle original, pasan por un proceso de lijado, secado y lacado con lo cual se obtiene un acabado y color originales.<\/p>\n<p style=\"text-align: justify;\">Este taller ha sentado las bases para que en nuestro pa\u00eds la producci\u00f3n de artesan\u00edas se relacionen estrechamente con los principios de reducir, reusar y reciclar, impulsados por el MAE, para promover una cultura ambientalmente amigable, ya que el mejoramiento sostenible de nuestro pa\u00eds depende de cada sector social y productivo.<\/p>\n","protected":false},"excerpt":{"rendered":"<p class=\"excerpt\">\u201cReduce, Re\u00fasa y Recicla\u201d son los tres principios que el Ministerio del Ambiente (MAE) ha fortalecido durante los \u00faltimos a\u00f1os, con la finalidad de promover un comportamiento corresponsable, que contribuya a un Ecuador m\u00e1s Verde, para ser en un futuro el ejemplo a seguir en materia ambiental. Es por tal motivo que el pasado d\u00eda viernes, la m\u00e1xima autoridad ambiental,&hellip; <a href=\"https:\/\/www.ambienteyenergia.gob.ec\/ambiente\/ministra-tapia-apoya-iniciativas-ambientales-comunitarias-en-la-comuna-zuleta-imbabura\/\">Read more &rarr;<\/a><\/p>\n","protected":false},"author":13,"featured_media":18891,"comment_status":"open","ping_status":"open","sticky":false,"template":"","format":"standard","meta":{"footnotes":""},"categories":[16,4],"tags":[],"class_list":["post-18890","post","type-post","status-publish","format-standard","has-post-thumbnail","hentry","category-comunicamos","category-noticias","xfolkentry"],"_links":{"self":[{"href":"https:\/\/www.ambienteyenergia.gob.ec\/ambiente\/wp-json\/wp\/v2\/posts\/18890","targetHints":{"allow":["GET"]}}],"collection":[{"href":"https:\/\/www.ambienteyenergia.gob.ec\/ambiente\/wp-json\/wp\/v2\/posts"}],"about":[{"href":"https:\/\/www.ambienteyenergia.gob.ec\/ambiente\/wp-json\/wp\/v2\/types\/post"}],"author":[{"embeddable":true,"href":"https:\/\/www.ambienteyenergia.gob.ec\/ambiente\/wp-json\/wp\/v2\/users\/13"}],"replies":[{"embeddable":true,"href":"https:\/\/www.ambienteyenergia.gob.ec\/ambiente\/wp-json\/wp\/v2\/comments?post=18890"}],"version-history":[{"count":0,"href":"https:\/\/www.ambienteyenergia.gob.ec\/ambiente\/wp-json\/wp\/v2\/posts\/18890\/revisions"}],"wp:featuredmedia":[{"embeddable":true,"href":"https:\/\/www.ambienteyenergia.gob.ec\/ambiente\/wp-json\/wp\/v2\/media\/18891"}],"wp:attachment":[{"href":"https:\/\/www.ambienteyenergia.gob.ec\/ambiente\/wp-json\/wp\/v2\/media?parent=18890"}],"wp:term":[{"taxonomy":"category","embeddable":true,"href":"https:\/\/www.ambienteyenergia.gob.ec\/ambiente\/wp-json\/wp\/v2\/categories?post=18890"},{"taxonomy":"post_tag","embeddable":true,"href":"https:\/\/www.ambienteyenergia.gob.ec\/ambiente\/wp-json\/wp\/v2\/tags?post=18890"}],"curies":[{"name":"wp","href":"https:\/\/api.w.org\/{rel}","templated":true}]}}