{"id":18883,"date":"2014-03-22T11:45:37","date_gmt":"2014-03-22T16:45:37","guid":{"rendered":"http:\/\/www.ambiente.gob.ec\/?p=18883"},"modified":"2014-03-22T11:47:54","modified_gmt":"2014-03-22T16:47:54","slug":"22-de-marzo-dia-mundial-del-agua","status":"publish","type":"post","link":"https:\/\/www.ambienteyenergia.gob.ec\/ambiente\/22-de-marzo-dia-mundial-del-agua\/","title":{"rendered":"22 de marzo, D\u00eda Mundial del Agua"},"content":{"rendered":"<p style=\"text-align: justify;\">El agua es indispensable e irremplazable para la preservaci\u00f3n de la vida en la Tierra, pero tambi\u00e9n es un recurso escaso, que debe ser aprovechado de forma equilibrada y responsable. Por esta raz\u00f3n, la Asamblea General de las Naciones Unidas declar\u00f3 el 22 de diciembre de 1993, el D\u00eda Mundial del Agua, con el fin de concienciar a la poblaci\u00f3n sobre la importancia de proteger el l\u00edquido vital.<\/p>\n<p style=\"text-align: justify;\">Desde entonces, cada a\u00f1o se presenta un nuevo concepto relacionado a la conservaci\u00f3n de los recursos h\u00eddricos. Este 2014, el tema central es <b>agua y energ\u00eda<\/b>, pues seg\u00fan las Naciones Unidas, \u00abla generaci\u00f3n y transmisi\u00f3n de energ\u00eda requiere de la utilizaci\u00f3n de los recursos h\u00eddricos, en particular para las fuentes de energ\u00eda hidroel\u00e9ctricas, nucleares y t\u00e9rmicas.\u00bb<\/p>\n<p style=\"text-align: justify;\">Seg\u00fan, CONELEC, en Ecuador el agua es un componente importante en el marco del cambio de matriz energ\u00e9tica hacia fuentes de energ\u00eda renovable como la hidroelectricidad, que proveer\u00e1 al pa\u00eds del 86% de la energ\u00eda requerida para el 2020.<\/p>\n<p style=\"text-align: justify;\"><strong>Programas y proyectos de conservaci\u00f3n del agua en Ecuador<\/strong><\/p>\n<p style=\"text-align: justify;\">En ese sentido, el Ministerio del Ambiente del Ecuador (MAE), a trav\u00e9s de la Subsecretar\u00eda de Cambio Clim\u00e1tico, cuenta con algunos proyectos encaminados a la conservaci\u00f3n y protecci\u00f3n del l\u00edquido vital como el manejo integral de las cuencas hidrogr\u00e1ficas, monitoreo de variables hidrometereol\u00f3gicas, enfoque ecosist\u00e9mico en alta monta\u00f1a y adaptaci\u00f3n de los ecosistemas ante los efectos del cambio clim\u00e1tico, entre otros.<\/p>\n<p style=\"text-align: justify;\">Uno de ellos, es el \u201cAn\u00e1lisis de la vulnerabilidad de las centrales hidroel\u00e9ctricas emblem\u00e1ticas ante los efectos del cambio clim\u00e1tico en siete subcuencas hidrogr\u00e1ficas del Ecuador\u201d, que tiene como objetivo minimizar eventuales reducciones de producci\u00f3n hidroel\u00e9ctrica a partir de la implementaci\u00f3n de medidas de adaptaci\u00f3n al cambio clim\u00e1tico, como el manejo integral de cuencas hidrogr\u00e1ficas.<\/p>\n<p style=\"text-align: justify;\">Asimismo, el programa \u201cAdaptaci\u00f3n al Impacto del Retroceso Acelerado de los Glaciares de los Andes Tropicales \u2013 PRAA\u201d, tiene como prop\u00f3sito contribuir al fortalecimiento de los ecosistemas y las econom\u00edas locales ante los impactos del cambio clim\u00e1tico y del retroceso del glaciar, implementando medidas adaptativas piloto, que ilustren los costos y beneficios de la adaptaci\u00f3n.<\/p>\n<p style=\"text-align: justify;\">Entre las medidas est\u00e1n el mejoramiento del sistema de agua segura y de saneamiento b\u00e1sico en la Comunidad de Valle del Tambo; implementaci\u00f3n de buenas pr\u00e1cticas para el manejo adaptativo del sistema pecuario y la conservaci\u00f3n del ecosistema p\u00e1ramo; t\u00e9cnicas alternativas de forester\u00eda, agroforester\u00eda an\u00e1loga y agroecolog\u00eda, incluyendo el desarrollo de huertos y micro invernaderos comunitarios a escala familiar; implementaci\u00f3n de medidas de adaptaci\u00f3n al cambio clim\u00e1tico para el incremento de la resilencia del sistema tur\u00edstico comunitario; fortalecimiento de la red hidrometereol\u00f3gica y pluvim\u00e9trica y monitoreo hidroclim\u00e1tico en la zona, incluyendo la conformaci\u00f3n de Comit\u00e9s de Investigaci\u00f3n Locales; y la implementaci\u00f3n de un Plan Preventivo de Quema de Pajonales y P\u00e1ramos.<\/p>\n<p style=\"text-align: justify;\">Finalmente, el proyecto \u201cAdaptaci\u00f3n al Cambio Clim\u00e1tico \u2013 PACC\u201d, busca disminuir la vulnerabilidad del Ecuador al cambio clim\u00e1tico a trav\u00e9s del manejo eficiente de los recursos h\u00eddricos, con la incorporaci\u00f3n de criterios y consideraciones del riesgo clim\u00e1tico en los planes de desarrollo nacionales y locales, gesti\u00f3n de recursos h\u00eddricos y la implementaci\u00f3n de medidas de adaptaci\u00f3n en territorio.<\/p>\n<p style=\"text-align: justify;\">El MAE como principal autoridad ambiental del pa\u00eds velar\u00e1 siempre por la conservaci\u00f3n y protecci\u00f3n de los recursos h\u00eddricos; as\u00ed tambi\u00e9n, seguir\u00e1 trabajando en el desarrollo de proyectos y pol\u00edticas transversales, que promuevan la seguridad energ\u00e9tica y el uso sostenible del agua.<\/p>\n<p style=\"text-align: justify;\">Si deseas conocer m\u00e1s sobre el D\u00eda Mundial del Agua da click aqu\u00ed (link: <span style=\"text-decoration: underline;\">http:\/\/www.unwater.org\/worldwaterday\/home\/es\/<\/span>)<\/p>\n<p style=\"text-align: justify;\"><a href=\"http:\/\/www.ambienteyenergia.gob.ec\/ambiente\/wp-content\/uploads\/2014\/03\/11.jpg\"><img loading=\"lazy\" decoding=\"async\" class=\"aligncenter size-full wp-image-18884\" alt=\"D\u00eda Mundial del Agua\" src=\"http:\/\/www.ambienteyenergia.gob.ec\/ambiente\/wp-content\/uploads\/2014\/03\/11.jpg\" width=\"670\" height=\"370\" srcset=\"https:\/\/www.ambienteyenergia.gob.ec\/ambiente\/wp-content\/uploads\/sites\/2\/2014\/03\/11.jpg 670w, https:\/\/www.ambienteyenergia.gob.ec\/ambiente\/wp-content\/uploads\/sites\/2\/2014\/03\/11-300x165.jpg 300w, https:\/\/www.ambienteyenergia.gob.ec\/ambiente\/wp-content\/uploads\/sites\/2\/2014\/03\/11-500x276.jpg 500w\" sizes=\"auto, (max-width: 670px) 100vw, 670px\" \/><\/a> <a href=\"http:\/\/www.ambienteyenergia.gob.ec\/ambiente\/wp-content\/uploads\/2014\/03\/21.jpg\"><img loading=\"lazy\" decoding=\"async\" class=\"aligncenter size-full wp-image-18885\" alt=\"D\u00eda Mundial del Agua\" src=\"http:\/\/www.ambienteyenergia.gob.ec\/ambiente\/wp-content\/uploads\/2014\/03\/21.jpg\" width=\"670\" height=\"370\" srcset=\"https:\/\/www.ambienteyenergia.gob.ec\/ambiente\/wp-content\/uploads\/sites\/2\/2014\/03\/21.jpg 670w, https:\/\/www.ambienteyenergia.gob.ec\/ambiente\/wp-content\/uploads\/sites\/2\/2014\/03\/21-300x165.jpg 300w, https:\/\/www.ambienteyenergia.gob.ec\/ambiente\/wp-content\/uploads\/sites\/2\/2014\/03\/21-500x276.jpg 500w\" sizes=\"auto, (max-width: 670px) 100vw, 670px\" \/><\/a> <a href=\"http:\/\/www.ambienteyenergia.gob.ec\/ambiente\/wp-content\/uploads\/2014\/03\/3.jpg\"><img loading=\"lazy\" decoding=\"async\" class=\"aligncenter size-full wp-image-18886\" alt=\"D\u00eda Mundial del Agua\" src=\"http:\/\/www.ambienteyenergia.gob.ec\/ambiente\/wp-content\/uploads\/2014\/03\/3.jpg\" width=\"670\" height=\"370\" srcset=\"https:\/\/www.ambienteyenergia.gob.ec\/ambiente\/wp-content\/uploads\/sites\/2\/2014\/03\/3.jpg 670w, https:\/\/www.ambienteyenergia.gob.ec\/ambiente\/wp-content\/uploads\/sites\/2\/2014\/03\/3-300x165.jpg 300w, https:\/\/www.ambienteyenergia.gob.ec\/ambiente\/wp-content\/uploads\/sites\/2\/2014\/03\/3-500x276.jpg 500w\" sizes=\"auto, (max-width: 670px) 100vw, 670px\" \/><\/a> <a href=\"http:\/\/www.ambienteyenergia.gob.ec\/ambiente\/wp-content\/uploads\/2014\/03\/4.jpg\"><img loading=\"lazy\" decoding=\"async\" class=\"aligncenter size-full wp-image-18887\" alt=\"D\u00eda Mundial del Agua\" src=\"http:\/\/www.ambienteyenergia.gob.ec\/ambiente\/wp-content\/uploads\/2014\/03\/4.jpg\" width=\"670\" height=\"370\" srcset=\"https:\/\/www.ambienteyenergia.gob.ec\/ambiente\/wp-content\/uploads\/sites\/2\/2014\/03\/4.jpg 670w, https:\/\/www.ambienteyenergia.gob.ec\/ambiente\/wp-content\/uploads\/sites\/2\/2014\/03\/4-300x165.jpg 300w, https:\/\/www.ambienteyenergia.gob.ec\/ambiente\/wp-content\/uploads\/sites\/2\/2014\/03\/4-500x276.jpg 500w\" sizes=\"auto, (max-width: 670px) 100vw, 670px\" \/><\/a><\/p>\n","protected":false},"excerpt":{"rendered":"<p class=\"excerpt\">El agua es indispensable e irremplazable para la preservaci\u00f3n de la vida en la Tierra, pero tambi\u00e9n es un recurso escaso, que debe ser aprovechado de forma equilibrada y responsable. Por esta raz\u00f3n, la Asamblea General de las Naciones Unidas declar\u00f3 el 22 de diciembre de 1993, el D\u00eda Mundial del Agua, con el fin de concienciar a la poblaci\u00f3n&hellip; <a href=\"https:\/\/www.ambienteyenergia.gob.ec\/ambiente\/22-de-marzo-dia-mundial-del-agua\/\">Read more &rarr;<\/a><\/p>\n","protected":false},"author":13,"featured_media":18888,"comment_status":"open","ping_status":"open","sticky":false,"template":"","format":"standard","meta":{"footnotes":""},"categories":[16,4,10],"tags":[],"class_list":["post-18883","post","type-post","status-publish","format-standard","has-post-thumbnail","hentry","category-comunicamos","category-noticias","category-noticias-destacadas","xfolkentry"],"_links":{"self":[{"href":"https:\/\/www.ambienteyenergia.gob.ec\/ambiente\/wp-json\/wp\/v2\/posts\/18883","targetHints":{"allow":["GET"]}}],"collection":[{"href":"https:\/\/www.ambienteyenergia.gob.ec\/ambiente\/wp-json\/wp\/v2\/posts"}],"about":[{"href":"https:\/\/www.ambienteyenergia.gob.ec\/ambiente\/wp-json\/wp\/v2\/types\/post"}],"author":[{"embeddable":true,"href":"https:\/\/www.ambienteyenergia.gob.ec\/ambiente\/wp-json\/wp\/v2\/users\/13"}],"replies":[{"embeddable":true,"href":"https:\/\/www.ambienteyenergia.gob.ec\/ambiente\/wp-json\/wp\/v2\/comments?post=18883"}],"version-history":[{"count":0,"href":"https:\/\/www.ambienteyenergia.gob.ec\/ambiente\/wp-json\/wp\/v2\/posts\/18883\/revisions"}],"wp:featuredmedia":[{"embeddable":true,"href":"https:\/\/www.ambienteyenergia.gob.ec\/ambiente\/wp-json\/wp\/v2\/media\/18888"}],"wp:attachment":[{"href":"https:\/\/www.ambienteyenergia.gob.ec\/ambiente\/wp-json\/wp\/v2\/media?parent=18883"}],"wp:term":[{"taxonomy":"category","embeddable":true,"href":"https:\/\/www.ambienteyenergia.gob.ec\/ambiente\/wp-json\/wp\/v2\/categories?post=18883"},{"taxonomy":"post_tag","embeddable":true,"href":"https:\/\/www.ambienteyenergia.gob.ec\/ambiente\/wp-json\/wp\/v2\/tags?post=18883"}],"curies":[{"name":"wp","href":"https:\/\/api.w.org\/{rel}","templated":true}]}}