{"id":18879,"date":"2014-03-21T21:55:03","date_gmt":"2014-03-22T02:55:03","guid":{"rendered":"http:\/\/www.ambiente.gob.ec\/?p=18879"},"modified":"2014-03-24T12:38:20","modified_gmt":"2014-03-24T17:38:20","slug":"mae-celebra-el-dia-mundial-forestal-con-reforestacion-de-52-hectareas-a-nivel-nacional","status":"publish","type":"post","link":"https:\/\/www.ambienteyenergia.gob.ec\/ambiente\/mae-celebra-el-dia-mundial-forestal-con-reforestacion-de-52-hectareas-a-nivel-nacional\/","title":{"rendered":"MAE celebra el D\u00eda Mundial Forestal con reforestaci\u00f3n de 52 hect\u00e1reas a nivel nacional"},"content":{"rendered":"<p style=\"text-align: justify;\">La Ministra del Ambiente, Lorena Tapia, particip\u00f3 hoy en un acto de reforestaci\u00f3n que se llev\u00f3 a cabo en la Comunidad La Merced de Cochas, provincia de Imbabura a partir de las 11:00. En conmemoraci\u00f3n del D\u00eda Mundial Forestal se reforest\u00f3 un total de 52 hect\u00e1reas en ocho provincias del pa\u00eds, gracias al apoyo de 32 Gobiernos Aut\u00f3nomos Descentralizados.<\/p>\n<p style=\"text-align: justify;\">El evento que cont\u00f3 con la presencia del Dr. Hern\u00e1n Sandoval, presidente del GAD parroquial, Christian Ter\u00e1n, Subsecretario de Patrimonio Natural y varios funcionarios m\u00e1s, se desarroll\u00f3 junto con estudiantes de las escuelas Oswaldo Chiriboga, La Merced y Constancio C. Vigil, y j\u00f3venes voluntarios del Servicio CivilCiudadano.<\/p>\n<p style=\"text-align: justify;\">En su intervenci\u00f3n la m\u00e1xima autoridad ambiental resalt\u00f3 el trabajo conjunto que realiza esta cartera de estado en materia forestal, asegurando adem\u00e1s que \u201cel MAE como ente rector del sector ambiental no escatimar\u00e1 esfuerzos, ni recursos, para tomar decisiones y pol\u00edticas en materia forestal que permitan consolidar un Ecuador Verde. La conservaci\u00f3n y mantenimiento de los recursos forestales depende de todos y todas\u201d<\/p>\n<p style=\"text-align: justify;\">En el marco del D\u00eda Mundial Forestal, la ministra Tapia, destac\u00f3 la cooperaci\u00f3n interinstitucional que ha consolidado este proyecto, a trav\u00e9s de la Subsecretar\u00eda de Patrimonio Natural, el Programa Socio Bosque y el Sistema Nacional de Control Forestal con los cuales se ha conseguido, a nivel nacional, \u201crestaurar 40 198 has. Este a\u00f1o tenemos una meta que juntos lograremos. Alcanzaremos las 100 mil hect\u00e1reas de restauraci\u00f3n a nivel nacional\u201d enfatiz\u00f3 Tapia.<\/p>\n<p style=\"text-align: justify;\">En ese sentido, la nueva pol\u00edtica de gobernanza del patrimonio incorpora dentro de sus ejes estrat\u00e9gicos la entrega de incentivos que facilitan la ejecuci\u00f3n de las diversas actividades de mejoramiento ambiental como la conservaci\u00f3n, la reforestaci\u00f3n, la restauraci\u00f3n pasiva.<\/p>\n<p style=\"text-align: justify;\">Por tal motivo durante el evento la ministra Tapia hizo la entrega simb\u00f3lica de cheques de incentivo forestal a las diferentes asociaciones y comunidades de la parroquia Angochagua, que son un ejemplo en este proyecto de restauraci\u00f3n ambiental. Los beneficiarios de esta entrega fueron la Comuna Zuleta por la restauraci\u00f3n de 2378has; la Asociaci\u00f3n Gallo Rumi, 1301.87has; Pastora Flores, 62.05has y Rafael Cayambe 31.05 has.<\/p>\n<p style=\"text-align: justify;\">En su presentaci\u00f3n el Dr. Sandoval resalt\u00f3 la obra y el apoyo que han recibido en materia ambiental, gracias a la gesti\u00f3n de la m\u00e1xima autoridad ambiental asegurando que \u201cel Ministerio del Ambiente siempre ha estado aqu\u00ed, trabajando con este equipo t\u00e9cnico, quienes entienden que hay que recuperar la naturaleza\u201d.<\/p>\n<p style=\"text-align: justify;\">El objetivo principal de este d\u00eda fue destacar la importancia de los recursos forestales, por medio de la siembra de 250 plantas nativas de la zona. Adem\u00e1s, el MAE conserva 1 mill\u00f3n 227 mil hect\u00e1reas bajo conservaci\u00f3n con el Programa Socio Bosque y beneficia a cerca 161 mil ciudadanos en todo el pa\u00eds.<\/p>\n<p style=\"text-align: justify;\">En el a\u00f1o 2013, el Gobierno Nacional decret\u00f3 el Estado de Excepci\u00f3n en Esmeraldas, con la finalidad de salvaguardar el patrimonio forestal de la provincia. Como resultado de las diversas acciones efectuadas se decomis\u00f3 842 m3 de madera, cuyo origen no fue justificado por los propietarios.<\/p>\n<p style=\"text-align: justify;\">Christian M\u00e9ndez, de 19 a\u00f1os, voluntario del Servicio Civil Ciudadano, comenta respecto a los proyectos que lleva a cabo el MAE en la zona \u201cson acciones afirmativas que vienen desde el gobierno en el que se crean modelos de desarrollo diferentes, participativos, que nos incluyen a todos\u201d.<\/p>\n<p style=\"text-align: justify;\">\u201cNo son los ingenieros del MAE los que vieron a plantar sino que se les integr\u00f3 a los ni\u00f1os de las comunidades, a los j\u00f3venes voluntarios logrando esa igualdad et\u00e9rea en donde todos unimos fuerzas para trabajar por el medio ambiente con una corresponsabilidad de Estado, gobierno en el que todos nos incluimos\u201d asegur\u00f3 M\u00e9ndez.<\/p>\n<p style=\"text-align: justify;\">D\u00eda Mundial Forestal:<\/p>\n<p style=\"text-align: justify;\">\u2022 En el a\u00f1o 1971, los estados miembros de la Organizaci\u00f3n de las Naciones Unidas para la Agricultura y la Alimentaci\u00f3n (FAO) acordaron celebrar el 21 de marzo el D\u00eda Mundial Forestal.<\/p>\n<p style=\"text-align: justify;\">\u2022 Este d\u00eda se celebra desde 1998, a ra\u00edz del incendio Linton (Canad\u00e1), en que murieron cinco combatientes que pertenec\u00edan a una brigada forestal.<\/p>\n<p style=\"text-align: justify;\">\n","protected":false},"excerpt":{"rendered":"<p class=\"excerpt\">La Ministra del Ambiente, Lorena Tapia, particip\u00f3 hoy en un acto de reforestaci\u00f3n que se llev\u00f3 a cabo en la Comunidad La Merced de Cochas, provincia de Imbabura a partir de las 11:00. En conmemoraci\u00f3n del D\u00eda Mundial Forestal se reforest\u00f3 un total de 52 hect\u00e1reas en ocho provincias del pa\u00eds, gracias al apoyo de 32 Gobiernos Aut\u00f3nomos Descentralizados. El&hellip; <a href=\"https:\/\/www.ambienteyenergia.gob.ec\/ambiente\/mae-celebra-el-dia-mundial-forestal-con-reforestacion-de-52-hectareas-a-nivel-nacional\/\">Read more &rarr;<\/a><\/p>\n","protected":false},"author":13,"featured_media":18881,"comment_status":"open","ping_status":"open","sticky":false,"template":"","format":"standard","meta":{"footnotes":""},"categories":[4],"tags":[51,431,162,387,54,85],"class_list":["post-18879","post","type-post","status-publish","format-standard","has-post-thumbnail","hentry","category-noticias","tag-ambiente","tag-dia-mundial-de-la-reforestacion","tag-imbabura","tag-mae-lorena-tapia","tag-ministerio-del-ambiente","tag-reforestacion","xfolkentry"],"_links":{"self":[{"href":"https:\/\/www.ambienteyenergia.gob.ec\/ambiente\/wp-json\/wp\/v2\/posts\/18879","targetHints":{"allow":["GET"]}}],"collection":[{"href":"https:\/\/www.ambienteyenergia.gob.ec\/ambiente\/wp-json\/wp\/v2\/posts"}],"about":[{"href":"https:\/\/www.ambienteyenergia.gob.ec\/ambiente\/wp-json\/wp\/v2\/types\/post"}],"author":[{"embeddable":true,"href":"https:\/\/www.ambienteyenergia.gob.ec\/ambiente\/wp-json\/wp\/v2\/users\/13"}],"replies":[{"embeddable":true,"href":"https:\/\/www.ambienteyenergia.gob.ec\/ambiente\/wp-json\/wp\/v2\/comments?post=18879"}],"version-history":[{"count":0,"href":"https:\/\/www.ambienteyenergia.gob.ec\/ambiente\/wp-json\/wp\/v2\/posts\/18879\/revisions"}],"wp:featuredmedia":[{"embeddable":true,"href":"https:\/\/www.ambienteyenergia.gob.ec\/ambiente\/wp-json\/wp\/v2\/media\/18881"}],"wp:attachment":[{"href":"https:\/\/www.ambienteyenergia.gob.ec\/ambiente\/wp-json\/wp\/v2\/media?parent=18879"}],"wp:term":[{"taxonomy":"category","embeddable":true,"href":"https:\/\/www.ambienteyenergia.gob.ec\/ambiente\/wp-json\/wp\/v2\/categories?post=18879"},{"taxonomy":"post_tag","embeddable":true,"href":"https:\/\/www.ambienteyenergia.gob.ec\/ambiente\/wp-json\/wp\/v2\/tags?post=18879"}],"curies":[{"name":"wp","href":"https:\/\/api.w.org\/{rel}","templated":true}]}}