{"id":18876,"date":"2014-03-21T16:50:28","date_gmt":"2014-03-21T21:50:28","guid":{"rendered":"http:\/\/www.ambiente.gob.ec\/?p=18876"},"modified":"2014-03-21T16:50:28","modified_gmt":"2014-03-21T21:50:28","slug":"directorio-de-la-red-iberoamericana-de-bosques-modelo-intercambia-experiencias-de-sostenibilidad-en-ecuador","status":"publish","type":"post","link":"https:\/\/www.ambienteyenergia.gob.ec\/ambiente\/directorio-de-la-red-iberoamericana-de-bosques-modelo-intercambia-experiencias-de-sostenibilidad-en-ecuador\/","title":{"rendered":"Directorio de la Red Iberoamericana de Bosques Modelo intercambia experiencias de sostenibilidad en Ecuador"},"content":{"rendered":"<p style=\"text-align: justify;\">El Ministerio del Ambiente y la Corporaci\u00f3n Nacional de Bosques y Reservas Privadas del Ecuador (CNBPE) participaron del 17 al 21 de marzo en la Reuni\u00f3n de Directorio de la Red Iberoamericana de Bosques Modelos (RIABM). La cita fue en el nodo Noroccidente de la provincia de Pichincha, en la Reserva Comunitaria de Yungilla. El objetivo del encuentro fue socializar experiencias sobre estrategias y acciones que permitan avanzar en la sostenibilidad de los procesos de bosque modelo para hallar el equilibrio entre las actividades productivas y la conservaci\u00f3n de la naturaleza.<\/p>\n<p style=\"text-align: justify;\">Los Bosques Modelo son procesos de gesti\u00f3n territorial participativa y voluntaria en donde convergen los esfuerzos del Gobierno y de organizaciones no gubernamentales y empresas privadas, las mismas que desarrollan las capacidades de los actores locales para que sean parte del manejo sostenible de una zona determinada.<\/p>\n<p style=\"text-align: justify;\">En el 2013, gracias al esfuerzo mancomunado de representantes del Proyecto de Sostenibilidad Financiera para el Sistema Nacional de \u00c1reas Protegidas del MAE y la CNBPE, se logr\u00f3 la adhesi\u00f3n del Ecuador como pa\u00eds miembro de esta red regional integrada por: Costa Rica, Argentina, Bolivia, Chile, Paraguay, Brasil, Rep\u00fablica Dominicana, Puerto Rico, Colombia, Per\u00fa, Guatemala, Honduras, Italia, Espa\u00f1a, Canad\u00e1, ente otros.<\/p>\n<p style=\"text-align: justify;\">En el marco de la reuni\u00f3n de directorio de la RIABM se realiz\u00f3 tambi\u00e9n el taller: <b><i>\u201cLa construcci\u00f3n de la sostenibilidad para la gesti\u00f3n territorial: Experiencia de los Bosques Modelo en tiempos de Cambio Clim\u00e1tico\u201d<\/i><\/b>, en donde representantes de los pa\u00edses miembros de la Red expusieron sus experiencias y estrategias de sostenibilidad para la gesti\u00f3n territorial de los Bosques Modelo.<\/p>\n<p style=\"text-align: justify;\">El representante del Proyecto de Sostenibilidad Financiera para el Sistema Nacional de \u00c1reas Protegidas y uno de los organizadores del encuentro, Inti Haro, manifest\u00f3 la importancia de que la reuni\u00f3n del directorio de la Red se haya desarrollado en Ecuador: \u201ccon esta visita, representantes de varios pa\u00edses han conocido el posible primer Bosque Modelo del Ecuador. El principal beneficio es la visibilizaci\u00f3n del trabajo que se est\u00e1 haciendo en el noroccidente de Quito y sobre todo el esfuerzo para conservar los \u00faltimos bosques de la regi\u00f3n del Choc\u00f3 Andino Ecuatoriano\u201d.<\/p>\n<p style=\"text-align: justify;\">La Bioregi\u00f3n del Choc\u00f3 Ecuatoriano est\u00e1 constituida por ecosistemas cubiertos de \u00e1reas de bosque h\u00famedo tropical, cuya diversidad es \u00fanica en el mundo. En esta zona se puede encontrar osos de anteojos, cinco especies de felinos, una gran diversidad de aves, as\u00ed como la \u00fanica especie de pez el\u00e9ctrico que se encuentra fuera de la cuenca de la Amazon\u00eda y ha sido localizada en el r\u00edo Mashpi. Adem\u00e1s, existe el patrimonio arqueol\u00f3gico de la cultura Yumbo, es por eso que es considerada un \u00e1rea de prioridad para la conservaci\u00f3n biol\u00f3gica a nivel mundial.<\/p>\n","protected":false},"excerpt":{"rendered":"<p class=\"excerpt\">El Ministerio del Ambiente y la Corporaci\u00f3n Nacional de Bosques y Reservas Privadas del Ecuador (CNBPE) participaron del 17 al 21 de marzo en la Reuni\u00f3n de Directorio de la Red Iberoamericana de Bosques Modelos (RIABM). La cita fue en el nodo Noroccidente de la provincia de Pichincha, en la Reserva Comunitaria de Yungilla. El objetivo del encuentro fue socializar&hellip; <a href=\"https:\/\/www.ambienteyenergia.gob.ec\/ambiente\/directorio-de-la-red-iberoamericana-de-bosques-modelo-intercambia-experiencias-de-sostenibilidad-en-ecuador\/\">Read more &rarr;<\/a><\/p>\n","protected":false},"author":13,"featured_media":18877,"comment_status":"open","ping_status":"open","sticky":false,"template":"","format":"standard","meta":{"footnotes":""},"categories":[16,4],"tags":[],"class_list":["post-18876","post","type-post","status-publish","format-standard","has-post-thumbnail","hentry","category-comunicamos","category-noticias","xfolkentry"],"_links":{"self":[{"href":"https:\/\/www.ambienteyenergia.gob.ec\/ambiente\/wp-json\/wp\/v2\/posts\/18876","targetHints":{"allow":["GET"]}}],"collection":[{"href":"https:\/\/www.ambienteyenergia.gob.ec\/ambiente\/wp-json\/wp\/v2\/posts"}],"about":[{"href":"https:\/\/www.ambienteyenergia.gob.ec\/ambiente\/wp-json\/wp\/v2\/types\/post"}],"author":[{"embeddable":true,"href":"https:\/\/www.ambienteyenergia.gob.ec\/ambiente\/wp-json\/wp\/v2\/users\/13"}],"replies":[{"embeddable":true,"href":"https:\/\/www.ambienteyenergia.gob.ec\/ambiente\/wp-json\/wp\/v2\/comments?post=18876"}],"version-history":[{"count":0,"href":"https:\/\/www.ambienteyenergia.gob.ec\/ambiente\/wp-json\/wp\/v2\/posts\/18876\/revisions"}],"wp:featuredmedia":[{"embeddable":true,"href":"https:\/\/www.ambienteyenergia.gob.ec\/ambiente\/wp-json\/wp\/v2\/media\/18877"}],"wp:attachment":[{"href":"https:\/\/www.ambienteyenergia.gob.ec\/ambiente\/wp-json\/wp\/v2\/media?parent=18876"}],"wp:term":[{"taxonomy":"category","embeddable":true,"href":"https:\/\/www.ambienteyenergia.gob.ec\/ambiente\/wp-json\/wp\/v2\/categories?post=18876"},{"taxonomy":"post_tag","embeddable":true,"href":"https:\/\/www.ambienteyenergia.gob.ec\/ambiente\/wp-json\/wp\/v2\/tags?post=18876"}],"curies":[{"name":"wp","href":"https:\/\/api.w.org\/{rel}","templated":true}]}}