{"id":18868,"date":"2014-03-21T13:44:47","date_gmt":"2014-03-21T18:44:47","guid":{"rendered":"http:\/\/www.ambiente.gob.ec\/?p=18868"},"modified":"2014-03-21T13:44:47","modified_gmt":"2014-03-21T18:44:47","slug":"dpng-realizo-rendicion-de-cuentas-en-galapagos","status":"publish","type":"post","link":"https:\/\/www.ambienteyenergia.gob.ec\/ambiente\/dpng-realizo-rendicion-de-cuentas-en-galapagos\/","title":{"rendered":"DPNG realiz\u00f3 rendici\u00f3n de cuentas en Gal\u00e1pagos"},"content":{"rendered":"<p style=\"text-align: justify;\">Los hitos que marcaron las actividades de conservaci\u00f3n realizadas por la Direcci\u00f3n del Parque Nacional Gal\u00e1pagos (DPNG), durante el a\u00f1o pasado (2013), fueron presentados durante el acto de rendici\u00f3n de cuentas efectuado esta ma\u00f1ana por el director del Parque, Arturo Izurieta.<\/p>\n<p style=\"text-align: justify;\">El acto se desarroll\u00f3 en el centro de interpretaci\u00f3n Miguel Cifuentes, de la DPNG y cont\u00f3 con la presencia de los directores de las instituciones de Gobierno en Santa Cruz, as\u00ed como de varios representantes de la comunidad.<\/p>\n<p style=\"text-align: justify;\">Izurieta destac\u00f3 entre sus acciones la erradicaci\u00f3n de roedores en la isla Pinz\u00f3n, la m\u00e1s grande libre de ratas en el Pac\u00edfico, as\u00ed como los trabajos de repatriaci\u00f3n de galapaguitos a esa isla. Asimismo, se expusieron medidas de manejo como el control de la mosca par\u00e1sita Philornis downsi que afecta a varias especies de aves, principalmente el pinz\u00f3n de manglar.<\/p>\n<p style=\"text-align: justify;\">M\u00e1s de 40 asistentes recibieron indicaciones previas para realizar preguntas sobre inquietudes relacionadas con la rendici\u00f3n de cuentas, las mismas que fueron absueltas en el instante o a trav\u00e9s de correos electr\u00f3nicos.<\/p>\n<p style=\"text-align: justify;\">De acuerdo al Consejo de Participaci\u00f3n Ciudadana y Control Social, la rendici\u00f3n de cuentas es un proceso mediante el cual quienes toman decisiones sobre la gesti\u00f3n de lo p\u00fablico, cumplen su deber y responsabilidad de explicar, dar a conocer o responder a la ciudadan\u00eda sobre el manejo de lo p\u00fablico y sus resultados logrados. Todo dentro del marco de la Constituci\u00f3n y la Ley Org\u00e1nica de Participaci\u00f3n Ciudadana.<\/p>\n","protected":false},"excerpt":{"rendered":"<p class=\"excerpt\">Los hitos que marcaron las actividades de conservaci\u00f3n realizadas por la Direcci\u00f3n del Parque Nacional Gal\u00e1pagos (DPNG), durante el a\u00f1o pasado (2013), fueron presentados durante el acto de rendici\u00f3n de cuentas efectuado esta ma\u00f1ana por el director del Parque, Arturo Izurieta. El acto se desarroll\u00f3 en el centro de interpretaci\u00f3n Miguel Cifuentes, de la DPNG y cont\u00f3 con la presencia&hellip; <a href=\"https:\/\/www.ambienteyenergia.gob.ec\/ambiente\/dpng-realizo-rendicion-de-cuentas-en-galapagos\/\">Read more &rarr;<\/a><\/p>\n","protected":false},"author":13,"featured_media":18869,"comment_status":"open","ping_status":"open","sticky":false,"template":"","format":"standard","meta":{"footnotes":""},"categories":[16,4],"tags":[],"class_list":["post-18868","post","type-post","status-publish","format-standard","has-post-thumbnail","hentry","category-comunicamos","category-noticias","xfolkentry"],"_links":{"self":[{"href":"https:\/\/www.ambienteyenergia.gob.ec\/ambiente\/wp-json\/wp\/v2\/posts\/18868","targetHints":{"allow":["GET"]}}],"collection":[{"href":"https:\/\/www.ambienteyenergia.gob.ec\/ambiente\/wp-json\/wp\/v2\/posts"}],"about":[{"href":"https:\/\/www.ambienteyenergia.gob.ec\/ambiente\/wp-json\/wp\/v2\/types\/post"}],"author":[{"embeddable":true,"href":"https:\/\/www.ambienteyenergia.gob.ec\/ambiente\/wp-json\/wp\/v2\/users\/13"}],"replies":[{"embeddable":true,"href":"https:\/\/www.ambienteyenergia.gob.ec\/ambiente\/wp-json\/wp\/v2\/comments?post=18868"}],"version-history":[{"count":0,"href":"https:\/\/www.ambienteyenergia.gob.ec\/ambiente\/wp-json\/wp\/v2\/posts\/18868\/revisions"}],"wp:featuredmedia":[{"embeddable":true,"href":"https:\/\/www.ambienteyenergia.gob.ec\/ambiente\/wp-json\/wp\/v2\/media\/18869"}],"wp:attachment":[{"href":"https:\/\/www.ambienteyenergia.gob.ec\/ambiente\/wp-json\/wp\/v2\/media?parent=18868"}],"wp:term":[{"taxonomy":"category","embeddable":true,"href":"https:\/\/www.ambienteyenergia.gob.ec\/ambiente\/wp-json\/wp\/v2\/categories?post=18868"},{"taxonomy":"post_tag","embeddable":true,"href":"https:\/\/www.ambienteyenergia.gob.ec\/ambiente\/wp-json\/wp\/v2\/tags?post=18868"}],"curies":[{"name":"wp","href":"https:\/\/api.w.org\/{rel}","templated":true}]}}