{"id":18854,"date":"2014-03-21T09:17:35","date_gmt":"2014-03-21T14:17:35","guid":{"rendered":"http:\/\/www.ambiente.gob.ec\/?p=18854"},"modified":"2014-03-21T10:31:14","modified_gmt":"2014-03-21T15:31:14","slug":"mae-capacito-a-41-comerciantes-de-ambato-sobre-el-uso-de-palma-de-cera","status":"publish","type":"post","link":"https:\/\/www.ambienteyenergia.gob.ec\/ambiente\/mae-capacito-a-41-comerciantes-de-ambato-sobre-el-uso-de-palma-de-cera\/","title":{"rendered":"MAE capacit\u00f3 a 41 comerciantes de Ambato sobre el uso de palma de cera"},"content":{"rendered":"<p style=\"text-align: justify;\">Ayer, el Ministerio del Ambiente del Ecuador (MAE) capacit\u00f3 a alrededor de 41 administradores y representantes de nueve\u00a0 plazas y mercados de la ciudad de Ambato sobre el uso sostenible de la palma de cera, en el marco de la campa\u00f1a &#8216;Tradici\u00f3n y conservaci\u00f3n van de la mano&#8217;.<\/p>\n<p style=\"text-align: justify;\">Esta iniciativa impulsada por la Direcci\u00f3n Provincial del Ambiente de Tungurahua se ejecut\u00f3 con el fin de dar a conocer a los asistentes la importancia biol\u00f3gica y ecol\u00f3gica de esta especie para los ecosistemas. De la misma forma, se busc\u00f3 sensibilizar a los artesanos para que no comercialicen la palma de cera y para que utilicen materiales alternativos en la celebraci\u00f3n religiosa de Semana Santa.<\/p>\n<p style=\"text-align: justify;\">Adem\u00e1s, se inform\u00f3 que la palma de ramos es una planta de lento crecimiento y que su principal amenaza es la deforestaci\u00f3n masiva de los bosques andinos. Asimismo, se explic\u00f3 que la desaparici\u00f3n de la palma de cera implicar\u00eda la extinci\u00f3n del Loro Orejiamarillo y del Perico Cachetidorado, dos de las especies m\u00e1s extra\u00f1as y amenazadas de Ecuador. La relaci\u00f3n aves \u2013 Palma es fundamental, pues esta planta es su principal sitio de anidaci\u00f3n y fuente de alimento.<\/p>\n<p style=\"text-align: justify;\">En el taller, tambi\u00e9n, se expuso sobre las infracciones y sanciones que aplicar\u00e1 esta Cartera de Estado a las personas que incumplan con la Ley Forestal.<\/p>\n<p style=\"text-align: justify;\">Pasado el mediod\u00eda, funcionarios del MAE impartieron una segunda capacitaci\u00f3n en el Mercado Am\u00e9rica de la ciudad de Ambato, a quienes se les mostr\u00f3 con im\u00e1genes y videos la importancia de conservar la palma de cera.<\/p>\n<p style=\"text-align: justify;\">El MAE a trav\u00e9s de la Direcci\u00f3n Provincial del Ambiente Tungurahua continuar\u00e1 con las capacitaciones en los diferentes cantones de esta provincia con el fin de disminuir la comercializaci\u00f3n ilegal de esta especie.<\/p>\n<div id='gallery-1' class='gallery galleryid-18854 gallery-columns-3 gallery-size-thumbnail'><dl class='gallery-item'>\n\t\t\t<dt class='gallery-icon landscape'>\n\t\t\t\t<a href='https:\/\/www.ambienteyenergia.gob.ec\/ambiente\/mae-capacito-a-41-comerciantes-de-ambato-sobre-el-uso-de-palma-de-cera\/s-35\/'><img loading=\"lazy\" decoding=\"async\" width=\"150\" height=\"150\" src=\"https:\/\/www.ambienteyenergia.gob.ec\/ambiente\/wp-content\/uploads\/sites\/2\/2014\/03\/DSC01090-150x150.jpg\" class=\"attachment-thumbnail size-thumbnail\" alt=\"\" \/><\/a>\n\t\t\t<\/dt><\/dl><dl class='gallery-item'>\n\t\t\t<dt class='gallery-icon landscape'>\n\t\t\t\t<a href='https:\/\/www.ambienteyenergia.gob.ec\/ambiente\/mae-capacito-a-41-comerciantes-de-ambato-sobre-el-uso-de-palma-de-cera\/s-36\/'><img loading=\"lazy\" decoding=\"async\" width=\"150\" height=\"150\" src=\"https:\/\/www.ambienteyenergia.gob.ec\/ambiente\/wp-content\/uploads\/sites\/2\/2014\/03\/DSC01095-150x150.jpg\" class=\"attachment-thumbnail size-thumbnail\" alt=\"\" \/><\/a>\n\t\t\t<\/dt><\/dl><dl class='gallery-item'>\n\t\t\t<dt class='gallery-icon landscape'>\n\t\t\t\t<a href='https:\/\/www.ambienteyenergia.gob.ec\/ambiente\/mae-capacito-a-41-comerciantes-de-ambato-sobre-el-uso-de-palma-de-cera\/s-37\/'><img loading=\"lazy\" decoding=\"async\" width=\"150\" height=\"150\" src=\"https:\/\/www.ambienteyenergia.gob.ec\/ambiente\/wp-content\/uploads\/sites\/2\/2014\/03\/DSC01099-150x150.jpg\" class=\"attachment-thumbnail size-thumbnail\" alt=\"\" \/><\/a>\n\t\t\t<\/dt><\/dl><br style=\"clear: both\" \/>\n\t\t<\/div>\n\n","protected":false},"excerpt":{"rendered":"<p class=\"excerpt\">Ayer, el Ministerio del Ambiente del Ecuador (MAE) capacit\u00f3 a alrededor de 41 administradores y representantes de nueve\u00a0 plazas y mercados de la ciudad de Ambato sobre el uso sostenible de la palma de cera, en el marco de la campa\u00f1a &#8216;Tradici\u00f3n y conservaci\u00f3n van de la mano&#8217;. Esta iniciativa impulsada por la Direcci\u00f3n Provincial del Ambiente de Tungurahua se&hellip; <a href=\"https:\/\/www.ambienteyenergia.gob.ec\/ambiente\/mae-capacito-a-41-comerciantes-de-ambato-sobre-el-uso-de-palma-de-cera\/\">Read more &rarr;<\/a><\/p>\n","protected":false},"author":13,"featured_media":18855,"comment_status":"open","ping_status":"open","sticky":false,"template":"","format":"standard","meta":{"footnotes":""},"categories":[16,4],"tags":[],"class_list":["post-18854","post","type-post","status-publish","format-standard","has-post-thumbnail","hentry","category-comunicamos","category-noticias","xfolkentry"],"_links":{"self":[{"href":"https:\/\/www.ambienteyenergia.gob.ec\/ambiente\/wp-json\/wp\/v2\/posts\/18854","targetHints":{"allow":["GET"]}}],"collection":[{"href":"https:\/\/www.ambienteyenergia.gob.ec\/ambiente\/wp-json\/wp\/v2\/posts"}],"about":[{"href":"https:\/\/www.ambienteyenergia.gob.ec\/ambiente\/wp-json\/wp\/v2\/types\/post"}],"author":[{"embeddable":true,"href":"https:\/\/www.ambienteyenergia.gob.ec\/ambiente\/wp-json\/wp\/v2\/users\/13"}],"replies":[{"embeddable":true,"href":"https:\/\/www.ambienteyenergia.gob.ec\/ambiente\/wp-json\/wp\/v2\/comments?post=18854"}],"version-history":[{"count":0,"href":"https:\/\/www.ambienteyenergia.gob.ec\/ambiente\/wp-json\/wp\/v2\/posts\/18854\/revisions"}],"wp:featuredmedia":[{"embeddable":true,"href":"https:\/\/www.ambienteyenergia.gob.ec\/ambiente\/wp-json\/wp\/v2\/media\/18855"}],"wp:attachment":[{"href":"https:\/\/www.ambienteyenergia.gob.ec\/ambiente\/wp-json\/wp\/v2\/media?parent=18854"}],"wp:term":[{"taxonomy":"category","embeddable":true,"href":"https:\/\/www.ambienteyenergia.gob.ec\/ambiente\/wp-json\/wp\/v2\/categories?post=18854"},{"taxonomy":"post_tag","embeddable":true,"href":"https:\/\/www.ambienteyenergia.gob.ec\/ambiente\/wp-json\/wp\/v2\/tags?post=18854"}],"curies":[{"name":"wp","href":"https:\/\/api.w.org\/{rel}","templated":true}]}}